{"id":207679,"date":"2022-12-12T23:31:01","date_gmt":"2022-12-13T02:31:01","guid":{"rendered":"https:\/\/diarioregionaldigital.com.br\/?p=207679"},"modified":"2022-12-12T23:31:01","modified_gmt":"2022-12-13T02:31:01","slug":"presidente-do-tse-diz-que-diplomacao-representa-lisura-das-eleicoes","status":"publish","type":"post","link":"https:\/\/diarioregionaldigital.com.br\/?p=207679","title":{"rendered":"Presidente do TSE diz que diploma\u00e7\u00e3o representa lisura das elei\u00e7\u00f5es"},"content":{"rendered":"<p>O presidente do Tribunal Superior Eleitoral (TSE), ministro Alexandre de Moraes, disse hoje (12) que a diploma\u00e7\u00e3o do presidente eleito, Luiz In\u00e1cio Lula da Silva, e do vice-presidente eleito, Geraldo Alckmin, representa o reconhecimento da lisura da elei\u00e7\u00f5es.<img decoding=\"async\" src=\"https:\/\/agenciabrasil.ebc.com.br\/ebc.png?id=1498067&amp;o=node\" \/><img decoding=\"async\" src=\"https:\/\/agenciabrasil.ebc.com.br\/ebc.gif?id=1498067&amp;o=node\" \/><\/p>\n<p>Durante discurso proferido na cerim\u00f4nia de diploma\u00e7\u00e3o de Lula e Alckmin, Moraes afirmou que a Justi\u00e7a Eleitoral se preparou para combater com efici\u00eancia ataques antidemocr\u00e1ticos contra o Estado de Direito e os &#8220;covardes ataques e viol\u00eancias pessoais aos seus membros&#8221;.<\/p>\n<p>&#8220;A diploma\u00e7\u00e3o da chapa presidencial eleita consiste no reconhecimento da lisura do pleito eleitoral e na legitimidade pol\u00edtica conferida soberanamente pela maioria do povo brasileiro por meio do voto direto e secreto.&#8221;<\/p>\n<p>O presidente do TSE tamb\u00e9m prometeu a responsabiliza\u00e7\u00e3o de &#8220;discursos de \u00f3dio e de desinforma\u00e7\u00e3o&#8221; proferidos por grupos organizados.<\/p>\n<p>&#8220;J\u00e1 identificados, garanto que ser\u00e3o responsabilizados para que isso n\u00e3o retorne nas pr\u00f3ximas elei\u00e7\u00f5es&#8221;, concluiu.<\/p>\n<p>A diploma\u00e7\u00e3o \u00e9 uma cerim\u00f4nia organizada pela Justi\u00e7a Eleitoral para formalizar a escolha dos eleitos nas elei\u00e7\u00f5es e marca do fim do processo eleitoral. Com o diploma eleitoral em m\u00e3os, os eleitos podem tomar posse no dia 1\u00b0 de janeiro de 2023.<\/p>\n<p><span style=\"font-weight: 400;\">Fonte: Ag\u00eancia Brasil <\/span><\/p>\n","protected":false},"excerpt":{"rendered":"<p>O presidente do Tribunal Superior Eleitoral (TSE), ministro Alexandre de Moraes, disse hoje (12) que a diploma\u00e7\u00e3o do presidente eleito, Luiz In\u00e1cio Lula da Silva, e do vice-presidente eleito, Geraldo Alckmin, representa o reconhecimento da lisura da elei\u00e7\u00f5es. Durante discurso proferido na cerim\u00f4nia de diploma\u00e7\u00e3o de Lula e Alckmin, Moraes afirmou que a Justi\u00e7a Eleitoral [&hellip;]<\/p>\n","protected":false},"author":246,"featured_media":207680,"comment_status":"closed","ping_status":"closed","sticky":false,"template":"","format":"standard","meta":{"footnotes":""},"categories":[436,254,439],"tags":[],"class_list":["post-207679","post","type-post","status-publish","format-standard","has-post-thumbnail","hentry","category-destaque-da-semana","category-politica","category-ultima-hora"],"_links":{"self":[{"href":"https:\/\/diarioregionaldigital.com.br\/index.php?rest_route=\/wp\/v2\/posts\/207679","targetHints":{"allow":["GET"]}}],"collection":[{"href":"https:\/\/diarioregionaldigital.com.br\/index.php?rest_route=\/wp\/v2\/posts"}],"about":[{"href":"https:\/\/diarioregionaldigital.com.br\/index.php?rest_route=\/wp\/v2\/types\/post"}],"author":[{"embeddable":true,"href":"https:\/\/diarioregionaldigital.com.br\/index.php?rest_route=\/wp\/v2\/users\/246"}],"replies":[{"embeddable":true,"href":"https:\/\/diarioregionaldigital.com.br\/index.php?rest_route=%2Fwp%2Fv2%2Fcomments&post=207679"}],"version-history":[{"count":1,"href":"https:\/\/diarioregionaldigital.com.br\/index.php?rest_route=\/wp\/v2\/posts\/207679\/revisions"}],"predecessor-version":[{"id":207681,"href":"https:\/\/diarioregionaldigital.com.br\/index.php?rest_route=\/wp\/v2\/posts\/207679\/revisions\/207681"}],"wp:featuredmedia":[{"embeddable":true,"href":"https:\/\/diarioregionaldigital.com.br\/index.php?rest_route=\/wp\/v2\/media\/207680"}],"wp:attachment":[{"href":"https:\/\/diarioregionaldigital.com.br\/index.php?rest_route=%2Fwp%2Fv2%2Fmedia&parent=207679"}],"wp:term":[{"taxonomy":"category","embeddable":true,"href":"https:\/\/diarioregionaldigital.com.br\/index.php?rest_route=%2Fwp%2Fv2%2Fcategories&post=207679"},{"taxonomy":"post_tag","embeddable":true,"href":"https:\/\/diarioregionaldigital.com.br\/index.php?rest_route=%2Fwp%2Fv2%2Ftags&post=207679"}],"curies":[{"name":"wp","href":"https:\/\/api.w.org\/{rel}","templated":true}]}}