{"id":207676,"date":"2022-12-12T23:29:06","date_gmt":"2022-12-13T02:29:06","guid":{"rendered":"https:\/\/diarioregionaldigital.com.br\/?p=207676"},"modified":"2022-12-12T23:29:06","modified_gmt":"2022-12-13T02:29:06","slug":"diplomacao-destaca-exercicio-da-democracia-diz-presidente-do-senado","status":"publish","type":"post","link":"https:\/\/diarioregionaldigital.com.br\/?p=207676","title":{"rendered":"Diploma\u00e7\u00e3o destaca exerc\u00edcio da democracia, diz presidente do Senado"},"content":{"rendered":"<p>O presidente do Senado, Rodrigo Pacheco (PSD-MG), registrou, nas redes sociais, sua participa\u00e7\u00e3o, na tarde de hoje (12), na diploma\u00e7\u00e3o do presidente da Rep\u00fablica eleito, Lula, e do vice-presidente Geraldo Alckmin. Pacheco disse que o desfecho do processo eleitoral \u201crefletiu a solidez da democracia brasileira e de suas institui\u00e7\u00f5es\u201d.<img decoding=\"async\" src=\"https:\/\/agenciabrasil.ebc.com.br\/ebc.png?id=1498087&amp;o=node\" \/><img decoding=\"async\" src=\"https:\/\/agenciabrasil.ebc.com.br\/ebc.gif?id=1498087&amp;o=node\" \/><\/p>\n<p>\u201cO ato marca o fim do processo eleitoral, que refletiu a solidez da democracia brasileira e de suas institui\u00e7\u00f5es. Com a legitima\u00e7\u00e3o dos vencedores, as elei\u00e7\u00f5es regulares e transparentes cumprem o seu papel de permitir aos eleitores as escolhas conscientes de seus candidatos\u201d, afirmou Pacheco. Ele tamb\u00e9m desejou a Lula e Alckmin comprometimento com o Estado Democr\u00e1tico de Direito no exerc\u00edcio do mandato.<\/p>\n<p>\u201cDesejo aos diplomados o comprometimento com o Estado Democr\u00e1tico de Direito e que possam tomar decis\u00f5es que levem o Brasil ao caminho do desenvolvimento econ\u00f4mico e social que tanto almejamos.\u201d<\/p>\n<p>A cerim\u00f4nia foi realizada no plen\u00e1rio do Tribunal Superior Eleitoral (TSE), em Bras\u00edlia. Cerca de 400 convidados estavam presentes, entre eles, parlamentares, ministros de tribunais superiores e representantes de governos estrangeiros. A diploma\u00e7\u00e3o ocorreu no in\u00edcio da tarde e, em sua fala,\u00a0<a href=\"https:\/\/agenciabrasil.ebc.com.br\/politica\/noticia\/2022-12\/lula-defende-democracia-em-discurso-apos-diplomacao\" target=\"_blank\" rel=\"noopener\">Lula defendeu a democracia<\/a>\u00a0e pediu um Brasil mais justo para todos.<\/p>\n<h2>Diploma\u00e7\u00e3o<\/h2>\n<p>O presidente do TSE, Alexandre de Moraes, assinou o diploma que atesta terem sido Lula e Alckmin eleitos pelo voto popular. A mesma solenidade dever\u00e1 se repetir para os eleitos para governador e vice-governador, nos 27 tribunais regionais eleitorais (TREs) do pa\u00eds. Todos os eleitos no pleito deste ano dever\u00e3o ser diplomados em seus respectivos cargos at\u00e9 19 de dezembro, conforme prazo previsto nas normas eleitorais.<\/p>\n<p>Segundo o C\u00f3digo Eleitoral, devem constar no diploma o nome do candidato, a sigla pela qual foi eleito, o cargo ou supl\u00eancia e outros dados, a crit\u00e9rio do juiz ou do tribunal. A expedi\u00e7\u00e3o do documento \u00e9 uma formalidade que condiciona a posse no cargo. Ou seja, aqueles que n\u00e3o forem diplomados ficam impedidos de exercer seus postos.<\/p>\n<p><span style=\"font-weight: 400;\">Fonte: Ag\u00eancia Brasil <\/span><\/p>\n","protected":false},"excerpt":{"rendered":"<p>O presidente do Senado, Rodrigo Pacheco (PSD-MG), registrou, nas redes sociais, sua participa\u00e7\u00e3o, na tarde de hoje (12), na diploma\u00e7\u00e3o do presidente da Rep\u00fablica eleito, Lula, e do vice-presidente Geraldo Alckmin. Pacheco disse que o desfecho do processo eleitoral \u201crefletiu a solidez da democracia brasileira e de suas institui\u00e7\u00f5es\u201d. \u201cO ato marca o fim do [&hellip;]<\/p>\n","protected":false},"author":246,"featured_media":207677,"comment_status":"closed","ping_status":"closed","sticky":false,"template":"","format":"standard","meta":{"footnotes":""},"categories":[436,254,439],"tags":[],"class_list":["post-207676","post","type-post","status-publish","format-standard","has-post-thumbnail","hentry","category-destaque-da-semana","category-politica","category-ultima-hora"],"_links":{"self":[{"href":"https:\/\/diarioregionaldigital.com.br\/index.php?rest_route=\/wp\/v2\/posts\/207676","targetHints":{"allow":["GET"]}}],"collection":[{"href":"https:\/\/diarioregionaldigital.com.br\/index.php?rest_route=\/wp\/v2\/posts"}],"about":[{"href":"https:\/\/diarioregionaldigital.com.br\/index.php?rest_route=\/wp\/v2\/types\/post"}],"author":[{"embeddable":true,"href":"https:\/\/diarioregionaldigital.com.br\/index.php?rest_route=\/wp\/v2\/users\/246"}],"replies":[{"embeddable":true,"href":"https:\/\/diarioregionaldigital.com.br\/index.php?rest_route=%2Fwp%2Fv2%2Fcomments&post=207676"}],"version-history":[{"count":1,"href":"https:\/\/diarioregionaldigital.com.br\/index.php?rest_route=\/wp\/v2\/posts\/207676\/revisions"}],"predecessor-version":[{"id":207678,"href":"https:\/\/diarioregionaldigital.com.br\/index.php?rest_route=\/wp\/v2\/posts\/207676\/revisions\/207678"}],"wp:featuredmedia":[{"embeddable":true,"href":"https:\/\/diarioregionaldigital.com.br\/index.php?rest_route=\/wp\/v2\/media\/207677"}],"wp:attachment":[{"href":"https:\/\/diarioregionaldigital.com.br\/index.php?rest_route=%2Fwp%2Fv2%2Fmedia&parent=207676"}],"wp:term":[{"taxonomy":"category","embeddable":true,"href":"https:\/\/diarioregionaldigital.com.br\/index.php?rest_route=%2Fwp%2Fv2%2Fcategories&post=207676"},{"taxonomy":"post_tag","embeddable":true,"href":"https:\/\/diarioregionaldigital.com.br\/index.php?rest_route=%2Fwp%2Fv2%2Ftags&post=207676"}],"curies":[{"name":"wp","href":"https:\/\/api.w.org\/{rel}","templated":true}]}}