{"id":207673,"date":"2022-12-12T23:26:42","date_gmt":"2022-12-13T02:26:42","guid":{"rendered":"https:\/\/diarioregionaldigital.com.br\/?p=207673"},"modified":"2022-12-12T23:26:42","modified_gmt":"2022-12-13T02:26:42","slug":"lula-defende-democracia-em-discurso-apos-diplomacao","status":"publish","type":"post","link":"https:\/\/diarioregionaldigital.com.br\/?p=207673","title":{"rendered":"Lula defende democracia em discurso ap\u00f3s diploma\u00e7\u00e3o"},"content":{"rendered":"<p>Lula discursou ap\u00f3s ser diplomado pelo presidente do Tribunal Superior Eleitoral (TSE), ministro Alexandre de Moraes, como candidato eleito. O vice-presidente eleito, Geraldo Alckmin, tamb\u00e9m recebeu o documento.<\/p>\n<p>Ap\u00f3s receber o diploma, Lula fez um discurso emocionado em defesa de democracia e do sistema eleitoral. Segundo o presidente eleito, durante as elei\u00e7\u00f5es, a na\u00e7\u00e3o foi &#8220;envenenada com mentiras&#8221; produzidas nas redes sociais, semeando &#8220;mentira e \u00f3dio&#8221;.<\/p>\n<p>&#8216;Quero dizer que muito mais que a cerim\u00f4nia de diploma\u00e7\u00e3o de um presidente eleito, esta \u00e9 a celebra\u00e7\u00e3o da democracia. Poucas vezes na hist\u00f3ria recente deste pa\u00eds a democracia esteve t\u00e3o amea\u00e7ada. Poucas vezes na nossa hist\u00f3ria a vontade popular foi t\u00e3o colocada \u00e0 prova, e teve que vencer tantos obst\u00e1culos para enfim ser ouvida&#8221;, afirmou.<\/p>\n<p>O presidente eleito tamb\u00e9m garantiu o compromisso de fazer um pa\u00eds &#8220;mais desenvolvido e justo&#8221; durante os quatro anos de seu mandato&#8221;.<\/p>\n<p>&#8220;Reafirmo\u00a0hoje\u00a0que farei todos os esfor\u00e7os para, juntamente com meu vice Geraldo Alckmin, cumprir o compromisso que assumi n\u00e3o apenas durante a campanha, mas ao longo de toda uma vida &#8211;\u00a0 fazer do Brasil um pa\u00eds mais desenvolvido e mais justo, com a garantia de dignidade e qualidade de vida para todos os brasileiros, sobretudo os mais necessitados&#8221;, disse.<\/p>\n<p>Ao receber o diploma de eleito pela terceira vez, Lula lembrou dos questionamentos que recebeu ao longo da vida p\u00fablica por n\u00e3o\u00a0ter\u00a0diploma universit\u00e1rio.<\/p>\n<p>&#8220;Quero agradecer ao povo brasileiro, pela honra de presidir pela terceira vez o Brasil&#8221;, concluiu.<\/p>\n<h2>Diploma\u00e7\u00e3o<\/h2>\n<p>A diploma\u00e7\u00e3o \u00e9 uma cerim\u00f4nia organizada pela Justi\u00e7a Eleitoral para formalizar a escolha dos eleitos nas elei\u00e7\u00f5es e marca do fim do processo eleitoral. Com o diploma eleitoral em m\u00e3os, os eleitos podem tomar posse no dia 1\u00b0 de janeiro de 2023.<\/p>\n<p>O TSE \u00e9 respons\u00e1vel pela diploma\u00e7\u00e3o dos candidatos \u00e0 Presid\u00eancia da Rep\u00fablica. Os deputados, senadores e governadores s\u00e3o diplomados pelos tribunais regionais eleitorais (TREs) at\u00e9 19 de dezembro.<\/p>\n<h2>Leia a \u00edntegra do discurso:<\/h2>\n<p>Em primeiro lugar, quero agradecer ao povo brasileiro, pela honra de presidir pela terceira vez o Brasil.<\/p>\n<p>Na minha primeira diploma\u00e7\u00e3o, em 2002, lembrei da ousadia do povo brasileiro em conceder \u2013 para algu\u00e9m tantas vezes questionado por n\u00e3o ter diploma universit\u00e1rio \u2013 o diploma de presidente da Rep\u00fablica.<\/p>\n<p>Reafirmo hoje que farei todos os esfor\u00e7os para, juntamente com meu vice Geraldo Alckmin, cumprir o compromisso que assumi n\u00e3o apenas durante a campanha, mas ao longo de toda uma vida: fazer do Brasil um pa\u00eds mais desenvolvido e mais justo, com a garantia de dignidade e qualidade de vida para todos os brasileiros, sobretudo os mais necessitados.<\/p>\n<p>Quero dizer que muito mais que a cerim\u00f4nia de diploma\u00e7\u00e3o de um presidente eleito, esta \u00e9 a celebra\u00e7\u00e3o da democracia.<\/p>\n<p>Poucas vezes na hist\u00f3ria recente deste pa\u00eds a democracia esteve t\u00e3o amea\u00e7ada.<\/p>\n<p>Poucas vezes na nossa hist\u00f3ria a vontade popular foi t\u00e3o colocada \u00e0 prova, e teve que vencer tantos obst\u00e1culos para enfim ser ouvida.<\/p>\n<p>A democracia n\u00e3o nasce por gera\u00e7\u00e3o espont\u00e2nea. Ela precisa ser semeada, cultivada, cuidada com muito carinho por cada um, a cada dia, para que a colheita seja generosa para todos.<\/p>\n<p>Mas al\u00e9m de semeada, cultivada e cuidada com muito carinho, a democracia precisa ser todos os dias defendida daqueles que tentam, a qualquer custo, sujeit\u00e1-la a seus interesses financeiros e ambi\u00e7\u00f5es de poder.<\/p>\n<p>Felizmente, n\u00e3o faltou quem a defendesse neste momento t\u00e3o grave da nossa hist\u00f3ria.<\/p>\n<p>Al\u00e9m da sabedoria do povo brasileiro, que escolheu o amor em vez do \u00f3dio, a verdade em vez da mentira e a democracia em vez do arb\u00edtrio, quero destacar a coragem do Supremo Tribunal Federal e do Tribunal Superior Eleitoral, que enfrentaram toda sorte de ofensas, amea\u00e7as e agress\u00f5es para fazer valer a soberania do voto popular.<\/p>\n<p>Cumprimento cada ministro e cada ministra do STF e do TSE pela firmeza na defesa da democracia e da lisura do processo eleitoral nesses tempos t\u00e3o dif\u00edceis.<br \/>\nA hist\u00f3ria h\u00e1 de reconhecer sua coer\u00eancia e fidelidade \u00e0 Constitui\u00e7\u00e3o.<\/p>\n<p>Essa n\u00e3o foi uma elei\u00e7\u00e3o entre candidatos de partidos pol\u00edticos com programas distintos. Foi a disputa entre duas vis\u00f5es de mundo e de governo.<\/p>\n<p>De um lado, o projeto de reconstru\u00e7\u00e3o do pa\u00eds, com ampla participa\u00e7\u00e3o popular. De outro lado, um projeto de destrui\u00e7\u00e3o do pa\u00eds ancorado no poder econ\u00f4mico e numa ind\u00fastria de mentiras e cal\u00fanias jamais vista ao longo de nossa hist\u00f3ria.<\/p>\n<p>N\u00e3o foram poucas as tentativas de sufocar a voz do povo.<br \/>\nOs inimigos da democracia lan\u00e7aram d\u00favidas sobre as urnas eletr\u00f4nicas, cuja confiabilidade \u00e9 reconhecida em todo o mundo.<\/p>\n<p>Amea\u00e7aram as institui\u00e7\u00f5es. Criaram obst\u00e1culos de \u00faltima hora para que eleitores fossem impedidos de chegar a seus locais de vota\u00e7\u00e3o. Tentaram comprar o voto dos eleitores, com falsas promessas e dinheiro farto, desviado do or\u00e7amento p\u00fablico.<\/p>\n<p>Intimidaram os mais vulner\u00e1veis com amea\u00e7as de suspens\u00e3o de benef\u00edcios, e os trabalhadores com o risco de demiss\u00e3o sum\u00e1ria, caso contrariassem os interesses de seus empregadores.<\/p>\n<p>Quando se esperava um debate pol\u00edtico democr\u00e1tico, a Na\u00e7\u00e3o foi envenenada com mentiras produzidas no submundo das redes sociais.<\/p>\n<p>Eles semearam a mentira e o \u00f3dio, e o pa\u00eds colheu uma viol\u00eancia pol\u00edtica que s\u00f3 se viu nas p\u00e1ginas mais tristes da nossa hist\u00f3ria.<\/p>\n<p>E no entanto, a democracia venceu.<\/p>\n<p>O resultado destas elei\u00e7\u00f5es n\u00e3o foi apenas a vit\u00f3ria de um candidato ou de um partido. Tive o privil\u00e9gio de ser apoiado por uma frente de 12 partidos no primeiro turno, aos quais se somaram mais dois na segunda etapa.<\/p>\n<p>Uma verdadeira frente ampla contra o autoritarismo, que hoje, na transi\u00e7\u00e3o de governo, se amplia para outras legendas, e fortalece o protagonismo de trabalhadores, empres\u00e1rios, artistas, intelectuais, cientistas e lideran\u00e7as dos mais diversos e combativos movimentos populares deste pa\u00eds.<\/p>\n<p>Tenho consci\u00eancia de que essa frente se formou em torno de um firme compromisso: a defesa da democracia, que \u00e9 a origem da minha luta e o destino do Brasil.<\/p>\n<p>Nestas semanas em que o Gabinete de Transi\u00e7\u00e3o vem escrutinando a realidade atual do pa\u00eds, tomamos conhecimento do deliberado processo de desmonte das pol\u00edticas p\u00fablicas e dos instrumentos de desenvolvimento, levado a cabo por um governo de destrui\u00e7\u00e3o nacional.<\/p>\n<p>Soma-se a este legado perverso, que recai principalmente sobre a popula\u00e7\u00e3o mais necessitada, o ataque sistem\u00e1tico \u00e0s institui\u00e7\u00f5es democr\u00e1ticas.<\/p>\n<p>Mas as amea\u00e7as \u00e0 democracia que enfrentamos e ainda haveremos de enfrentar n\u00e3o s\u00e3o caracter\u00edsticas exclusivas de nosso pa\u00eds.<\/p>\n<p>A democracia enfrenta um imenso desafio ao redor do planeta, talvez maior do que no per\u00edodo da Segunda Guerra Mundial.<\/p>\n<p>Na Am\u00e9rica Latina, na Europa e nos Estados Unidos, os inimigos da democracia se organizam e se movimentam. Usam e abusam dos mecanismos de manipula\u00e7\u00f5es e mentiras, disponibilizados por plataformas digitais que atuam de maneira gananciosa e absolutamente irrespons\u00e1vel.<\/p>\n<p>A m\u00e1quina de ataques \u00e0 democracia n\u00e3o tem p\u00e1tria nem fronteiras.<\/p>\n<p>O combate, portanto, precisa se dar nas trincheiras da governan\u00e7a global, por meio de tecnologias avan\u00e7adas e de uma legisla\u00e7\u00e3o internacional mais dura e eficiente.<\/p>\n<p>Que fique bem claro: jamais renunciaremos \u00e0 defesa intransigente da liberdade de express\u00e3o, mas defenderemos at\u00e9 o fim o livre acesso \u00e0 informa\u00e7\u00e3o de qualidade, sem mentiras e manipula\u00e7\u00f5es que levam ao \u00f3dio e \u00e0 viol\u00eancia pol\u00edtica.<\/p>\n<p>Nossa miss\u00e3o \u00e9 fortalecer a democracia \u2013 entre n\u00f3s, no Brasil, e em nossas rela\u00e7\u00f5es multilaterais.<\/p>\n<p>A import\u00e2ncia do Brasil neste cen\u00e1rio global \u00e9 ineg\u00e1vel, e foi por esta raz\u00e3o que os olhos do mundo se voltaram para o nosso processo eleitoral.<\/p>\n<p>Precisamos de institui\u00e7\u00f5es fortes e representativas. Precisamos de harmonia entre os Poderes, com um eficiente sistema de pesos e contrapesos que iniba aventuras autorit\u00e1rias.<\/p>\n<p>Precisamos de coragem.<\/p>\n<p>\u00c9 necess\u00e1rio tirar uma li\u00e7\u00e3o deste per\u00edodo recente em nosso pa\u00eds e dos abusos cometidos no processo eleitoral. Para nunca mais esquecermos. Para que nunca mais aconte\u00e7a.<\/p>\n<p>Democracia, por defini\u00e7\u00e3o, \u00e9 o governo do povo, por meio da elei\u00e7\u00e3o de seus representantes. Mas precisamos ir al\u00e9m dos dicion\u00e1rios. O povo quer mais do que simplesmente eleger seus representantes, o povo quer participa\u00e7\u00e3o ativa nas decis\u00f5es de governo.<\/p>\n<p>\u00c9 preciso entender que democracia \u00e9 muito mais do que o direito de se manifestar livremente contra a fome, o desemprego, a falta de sa\u00fade, educa\u00e7\u00e3o, seguran\u00e7a, moradia. Democracia \u00e9 ter alimenta\u00e7\u00e3o de qualidade, \u00e9 ter emprego, sa\u00fade, educa\u00e7\u00e3o, seguran\u00e7a, moradia.<\/p>\n<p>Quanto maior a participa\u00e7\u00e3o popular, maior o entendimento da necessidade de defender a democracia daqueles que se valem dela como atalho para chegar ao poder e instaurar o autoritarismo.<\/p>\n<p>A democracia s\u00f3 tem sentido, e ser\u00e1 defendida pelo povo, na medida em que promover, de fato, a igualdade de direitos e oportunidades para todos e todas, independentemente de classe social, cor, cren\u00e7a religiosa ou orienta\u00e7\u00e3o sexual.<\/p>\n<p>\u00c9 com o compromisso de construir um verdadeiro Estado democr\u00e1tico, garantir a normalidade institucional e lutar contra todas as formas de injusti\u00e7a, que recebo pela terceira vez este diploma de presidente eleito do Brasil \u2013 em nome da liberdade, da dignidade e da felicidade do povo brasileiro.<\/p>\n<p>Muito obrigado.<\/p>\n<p><span style=\"font-weight: 400;\"><br \/>\n<\/span><span style=\"font-weight: 400;\">Fonte: Ag\u00eancia Brasil <\/span><\/p>\n","protected":false},"excerpt":{"rendered":"<p>Lula discursou ap\u00f3s ser diplomado pelo presidente do Tribunal Superior Eleitoral (TSE), ministro Alexandre de Moraes, como candidato eleito. O vice-presidente eleito, Geraldo Alckmin, tamb\u00e9m recebeu o documento. Ap\u00f3s receber o diploma, Lula fez um discurso emocionado em defesa de democracia e do sistema eleitoral. Segundo o presidente eleito, durante as elei\u00e7\u00f5es, a na\u00e7\u00e3o foi [&hellip;]<\/p>\n","protected":false},"author":246,"featured_media":207674,"comment_status":"closed","ping_status":"closed","sticky":false,"template":"","format":"standard","meta":{"footnotes":""},"categories":[436,440,254,439],"tags":[],"class_list":["post-207673","post","type-post","status-publish","format-standard","has-post-thumbnail","hentry","category-destaque-da-semana","category-destaques-do-dia","category-politica","category-ultima-hora"],"_links":{"self":[{"href":"https:\/\/diarioregionaldigital.com.br\/index.php?rest_route=\/wp\/v2\/posts\/207673","targetHints":{"allow":["GET"]}}],"collection":[{"href":"https:\/\/diarioregionaldigital.com.br\/index.php?rest_route=\/wp\/v2\/posts"}],"about":[{"href":"https:\/\/diarioregionaldigital.com.br\/index.php?rest_route=\/wp\/v2\/types\/post"}],"author":[{"embeddable":true,"href":"https:\/\/diarioregionaldigital.com.br\/index.php?rest_route=\/wp\/v2\/users\/246"}],"replies":[{"embeddable":true,"href":"https:\/\/diarioregionaldigital.com.br\/index.php?rest_route=%2Fwp%2Fv2%2Fcomments&post=207673"}],"version-history":[{"count":1,"href":"https:\/\/diarioregionaldigital.com.br\/index.php?rest_route=\/wp\/v2\/posts\/207673\/revisions"}],"predecessor-version":[{"id":207675,"href":"https:\/\/diarioregionaldigital.com.br\/index.php?rest_route=\/wp\/v2\/posts\/207673\/revisions\/207675"}],"wp:featuredmedia":[{"embeddable":true,"href":"https:\/\/diarioregionaldigital.com.br\/index.php?rest_route=\/wp\/v2\/media\/207674"}],"wp:attachment":[{"href":"https:\/\/diarioregionaldigital.com.br\/index.php?rest_route=%2Fwp%2Fv2%2Fmedia&parent=207673"}],"wp:term":[{"taxonomy":"category","embeddable":true,"href":"https:\/\/diarioregionaldigital.com.br\/index.php?rest_route=%2Fwp%2Fv2%2Fcategories&post=207673"},{"taxonomy":"post_tag","embeddable":true,"href":"https:\/\/diarioregionaldigital.com.br\/index.php?rest_route=%2Fwp%2Fv2%2Ftags&post=207673"}],"curies":[{"name":"wp","href":"https:\/\/api.w.org\/{rel}","templated":true}]}}