{"id":207669,"date":"2022-12-12T23:23:05","date_gmt":"2022-12-13T02:23:05","guid":{"rendered":"https:\/\/diarioregionaldigital.com.br\/?p=207669"},"modified":"2022-12-12T23:23:05","modified_gmt":"2022-12-13T02:23:05","slug":"mercado-reduz-expectativa-de-inflacao-para-579","status":"publish","type":"post","link":"https:\/\/diarioregionaldigital.com.br\/?p=207669","title":{"rendered":"Mercado reduz expectativa de infla\u00e7\u00e3o para 5,79%"},"content":{"rendered":"<p>Especialistas financeiros reduziram suas previs\u00f5es para a infla\u00e7\u00e3o deste ano. Segundo o boletim Focus, divulgado\u00a0<span id=\"OBJ_PREFIX_DWT134_com_zimbra_date\" role=\"link\"><span id=\"OBJ_PREFIX_DWT136_com_zimbra_date\" role=\"link\">hoje<\/span><\/span>\u00a0(12), pelo Banco Central (BC), os economistas de institui\u00e7\u00f5es financeiras consultadas estimam que a infla\u00e7\u00e3o oficial, medida pelo \u00cdndice Nacional de Pre\u00e7os ao Consumidor Amplo (IPCA), dever\u00e1 fechar este ano em 5,79%, e\u00a0<a href=\"https:\/\/agenciabrasil.ebc.com.br\/economia\/noticia\/2022-12\/projecao-de-inflacao-oficial-para-2022-sobe-de-591-para-592\" target=\"_blank\" rel=\"noopener\">n\u00e3o mais em 5,92%<\/a>, conforme calculavam\u00a0at\u00e9 semana passada.<img decoding=\"async\" src=\"https:\/\/agenciabrasil.ebc.com.br\/ebc.png?id=1497976&amp;o=node\" \/><img decoding=\"async\" src=\"https:\/\/agenciabrasil.ebc.com.br\/ebc.gif?id=1497976&amp;o=node\" \/><\/p>\n<p>Institui\u00e7\u00f5es financeiras consultadas ao longo da semana passada mantiveram a estimativa de que\u00a0a infla\u00e7\u00e3o anual ser\u00e1 da ordem de 5,08 em 2023. Embora o percentual seja o mesmo anunciado no boletim Focus da semana passada, permanece superior aos 4,94% de h\u00e1 quatro semanas.<\/p>\n<p>J\u00e1 as proje\u00e7\u00f5es para 2024 foram mantidas em 3,50%, enquanto, para 2025, \u00e9 esperada uma pequena alta, dos anteriores 3%, para 3,02%.<\/p>\n<h2>Selic<\/h2>\n<p>Segundo o mercado manteve a taxa b\u00e1sica de juros (Selic) deve fechar\u00a0o ano em 13,75%. Para 2023, a taxa esperada \u00e9 de 11,75%. J\u00e1 em 2024 e em 2025, a Selic deve atingir, respectivamente, 8,50% e 8%.<\/p>\n<h2>PIB<\/h2>\n<p>Os especialistas mant\u00eam a proje\u00e7\u00e3o\u00a0de que, este ano, o Produto Interno Bruto (PIB) &#8211; a soma de todos os bens e servi\u00e7os produzidos no pa\u00eds cres\u00e7a 3,05%.\u00a0H\u00e1 quatro semanas, a estimativa era de um crescimento de 2,77%.<\/p>\n<p>Para 2023, a expectativa \u00e9 que a economia brasileira cres\u00e7a 0,75%. Para 2024 e 2025, o mercado financeiro projeta expans\u00f5es do PIB em 1,70% e 2%, respectivamente.<\/p>\n<h2>C\u00e2mbio<\/h2>\n<p>As institui\u00e7\u00f5es financeiras tamb\u00e9m preveem que o d\u00f3lar encerrar\u00e1 este e o pr\u00f3ximo ano valendo R$ 5,25, baixando para R$ 5,24 em 2024, e para R$ 5,23 em 2025.<\/p>\n<p><span style=\"font-weight: 400;\">Fonte: Ag\u00eancia Brasil <\/span><\/p>\n","protected":false},"excerpt":{"rendered":"<p>Especialistas financeiros reduziram suas previs\u00f5es para a infla\u00e7\u00e3o deste ano. Segundo o boletim Focus, divulgado\u00a0hoje\u00a0(12), pelo Banco Central (BC), os economistas de institui\u00e7\u00f5es financeiras consultadas estimam que a infla\u00e7\u00e3o oficial, medida pelo \u00cdndice Nacional de Pre\u00e7os ao Consumidor Amplo (IPCA), dever\u00e1 fechar este ano em 5,79%, e\u00a0n\u00e3o mais em 5,92%, conforme calculavam\u00a0at\u00e9 semana passada. Institui\u00e7\u00f5es [&hellip;]<\/p>\n","protected":false},"author":246,"featured_media":207670,"comment_status":"closed","ping_status":"closed","sticky":false,"template":"","format":"standard","meta":{"footnotes":""},"categories":[436,261,439],"tags":[],"class_list":["post-207669","post","type-post","status-publish","format-standard","has-post-thumbnail","hentry","category-destaque-da-semana","category-economia","category-ultima-hora"],"_links":{"self":[{"href":"https:\/\/diarioregionaldigital.com.br\/index.php?rest_route=\/wp\/v2\/posts\/207669","targetHints":{"allow":["GET"]}}],"collection":[{"href":"https:\/\/diarioregionaldigital.com.br\/index.php?rest_route=\/wp\/v2\/posts"}],"about":[{"href":"https:\/\/diarioregionaldigital.com.br\/index.php?rest_route=\/wp\/v2\/types\/post"}],"author":[{"embeddable":true,"href":"https:\/\/diarioregionaldigital.com.br\/index.php?rest_route=\/wp\/v2\/users\/246"}],"replies":[{"embeddable":true,"href":"https:\/\/diarioregionaldigital.com.br\/index.php?rest_route=%2Fwp%2Fv2%2Fcomments&post=207669"}],"version-history":[{"count":2,"href":"https:\/\/diarioregionaldigital.com.br\/index.php?rest_route=\/wp\/v2\/posts\/207669\/revisions"}],"predecessor-version":[{"id":207672,"href":"https:\/\/diarioregionaldigital.com.br\/index.php?rest_route=\/wp\/v2\/posts\/207669\/revisions\/207672"}],"wp:featuredmedia":[{"embeddable":true,"href":"https:\/\/diarioregionaldigital.com.br\/index.php?rest_route=\/wp\/v2\/media\/207670"}],"wp:attachment":[{"href":"https:\/\/diarioregionaldigital.com.br\/index.php?rest_route=%2Fwp%2Fv2%2Fmedia&parent=207669"}],"wp:term":[{"taxonomy":"category","embeddable":true,"href":"https:\/\/diarioregionaldigital.com.br\/index.php?rest_route=%2Fwp%2Fv2%2Fcategories&post=207669"},{"taxonomy":"post_tag","embeddable":true,"href":"https:\/\/diarioregionaldigital.com.br\/index.php?rest_route=%2Fwp%2Fv2%2Ftags&post=207669"}],"curies":[{"name":"wp","href":"https:\/\/api.w.org\/{rel}","templated":true}]}}