{"id":207666,"date":"2022-12-12T23:21:48","date_gmt":"2022-12-13T02:21:48","guid":{"rendered":"https:\/\/diarioregionaldigital.com.br\/?p=207666"},"modified":"2022-12-12T23:21:48","modified_gmt":"2022-12-13T02:21:48","slug":"confianca-da-industria-cai-pelo-terceiro-mes-seguido-em-dezembro","status":"publish","type":"post","link":"https:\/\/diarioregionaldigital.com.br\/?p=207666","title":{"rendered":"Confian\u00e7a da ind\u00fastria cai pelo terceiro m\u00eas seguido em dezembro"},"content":{"rendered":"<p>Pelo terceiro m\u00eas consecutivo, a avalia\u00e7\u00e3o da ind\u00fastria sobre o cen\u00e1rio atual e dos pr\u00f3ximos meses apresentou leve piora. Segundo a Confedera\u00e7\u00e3o Nacional da Ind\u00fastria (CNI), o \u00cdndice de Confian\u00e7a do Empres\u00e1rio Industrial (Icei) caiu de 51,7 pontos em novembro para 50,8 pontos em dezembro.<img decoding=\"async\" src=\"https:\/\/agenciabrasil.ebc.com.br\/ebc.png?id=1498070&amp;o=node\" \/><img decoding=\"async\" src=\"https:\/\/agenciabrasil.ebc.com.br\/ebc.gif?id=1498070&amp;o=node\" \/><\/p>\n<p>Apesar do recuo, o setor tem leve otimismo, porque valores acima de 50 pontos indicam confian\u00e7a. Em nota, a CNI informou que ainda h\u00e1 confian\u00e7a do empres\u00e1rio industrial, mas que ela \u00e9 restrita e pouco intensa.<\/p>\n<p>O \u00edndice de dezembro est\u00e1 abaixo da m\u00e9dia hist\u00f3rica, de 54,3 pontos. Conforme a CNI, isso se deve \u00e0 composi\u00e7\u00e3o do indicador. O \u00cdndice de Condi\u00e7\u00f5es Atuais, que mede o cen\u00e1rio atual em rela\u00e7\u00e3o aos \u00faltimos seis meses, recuou de 53,2 pontos para 50,3 pontos, indicando que o empres\u00e1rio industrial deixou de ver melhora nas condi\u00e7\u00f5es atuais.<\/p>\n<p>Em rela\u00e7\u00e3o \u00e0 economia, o indicador ficou em 48,4 pontos em novembro, abaixo da linha divis\u00f3ria de 50 pontos. Em novembro, o \u00cdndice de Confian\u00e7a na Economia Brasileira tinha ficado em 52,9 pontos. A avalia\u00e7\u00e3o \u00e9 que a economia est\u00e1 pior hoje do que h\u00e1 seis meses.<\/p>\n<h2>Expectativas<\/h2>\n<p>O \u00cdndice de Expectativas, que mede as perspectivas da ind\u00fastria para os pr\u00f3ximos seis meses, manteve-se est\u00e1vel em 51 pontos em dezembro. Segundo a CNI, o indicador mostra otimismo moderado.<\/p>\n<p>Os componentes do indicador mostram trajet\u00f3rias divergentes. Segundo a CNI, o empres\u00e1rio industrial avalia, de forma distinta, as expectativas para a sua empresa e para a economia como um todo.<\/p>\n<p>O \u00cdndice de Expectativas para a pr\u00f3pria empresa, que mede as percep\u00e7\u00f5es do empres\u00e1rio para o pr\u00f3prio neg\u00f3cio nos pr\u00f3ximos seis meses, subiu de 53,6 para 54,1 pontos. No entanto, o \u00cdndice de Expectativas para a Economia Brasileira caiu de 45,9 para 44,8 pontos.<\/p>\n<p><span style=\"font-weight: 400;\">Fonte: Ag\u00eancia Brasil\u00a0<\/span><span style=\"font-weight: 400;\"><br \/>\n<\/span><\/p>\n","protected":false},"excerpt":{"rendered":"<p>Pelo terceiro m\u00eas consecutivo, a avalia\u00e7\u00e3o da ind\u00fastria sobre o cen\u00e1rio atual e dos pr\u00f3ximos meses apresentou leve piora. Segundo a Confedera\u00e7\u00e3o Nacional da Ind\u00fastria (CNI), o \u00cdndice de Confian\u00e7a do Empres\u00e1rio Industrial (Icei) caiu de 51,7 pontos em novembro para 50,8 pontos em dezembro. Apesar do recuo, o setor tem leve otimismo, porque valores [&hellip;]<\/p>\n","protected":false},"author":246,"featured_media":207667,"comment_status":"closed","ping_status":"closed","sticky":false,"template":"","format":"standard","meta":{"footnotes":""},"categories":[436,261,439],"tags":[],"class_list":["post-207666","post","type-post","status-publish","format-standard","has-post-thumbnail","hentry","category-destaque-da-semana","category-economia","category-ultima-hora"],"_links":{"self":[{"href":"https:\/\/diarioregionaldigital.com.br\/index.php?rest_route=\/wp\/v2\/posts\/207666","targetHints":{"allow":["GET"]}}],"collection":[{"href":"https:\/\/diarioregionaldigital.com.br\/index.php?rest_route=\/wp\/v2\/posts"}],"about":[{"href":"https:\/\/diarioregionaldigital.com.br\/index.php?rest_route=\/wp\/v2\/types\/post"}],"author":[{"embeddable":true,"href":"https:\/\/diarioregionaldigital.com.br\/index.php?rest_route=\/wp\/v2\/users\/246"}],"replies":[{"embeddable":true,"href":"https:\/\/diarioregionaldigital.com.br\/index.php?rest_route=%2Fwp%2Fv2%2Fcomments&post=207666"}],"version-history":[{"count":1,"href":"https:\/\/diarioregionaldigital.com.br\/index.php?rest_route=\/wp\/v2\/posts\/207666\/revisions"}],"predecessor-version":[{"id":207668,"href":"https:\/\/diarioregionaldigital.com.br\/index.php?rest_route=\/wp\/v2\/posts\/207666\/revisions\/207668"}],"wp:featuredmedia":[{"embeddable":true,"href":"https:\/\/diarioregionaldigital.com.br\/index.php?rest_route=\/wp\/v2\/media\/207667"}],"wp:attachment":[{"href":"https:\/\/diarioregionaldigital.com.br\/index.php?rest_route=%2Fwp%2Fv2%2Fmedia&parent=207666"}],"wp:term":[{"taxonomy":"category","embeddable":true,"href":"https:\/\/diarioregionaldigital.com.br\/index.php?rest_route=%2Fwp%2Fv2%2Fcategories&post=207666"},{"taxonomy":"post_tag","embeddable":true,"href":"https:\/\/diarioregionaldigital.com.br\/index.php?rest_route=%2Fwp%2Fv2%2Ftags&post=207666"}],"curies":[{"name":"wp","href":"https:\/\/api.w.org\/{rel}","templated":true}]}}