{"id":207662,"date":"2022-12-12T23:20:41","date_gmt":"2022-12-13T02:20:41","guid":{"rendered":"https:\/\/diarioregionaldigital.com.br\/?p=207662"},"modified":"2022-12-12T23:20:41","modified_gmt":"2022-12-13T02:20:41","slug":"salario-minimo-sobe-para-r-1-302-em-1o-de-janeiro","status":"publish","type":"post","link":"https:\/\/diarioregionaldigital.com.br\/?p=207662","title":{"rendered":"Sal\u00e1rio m\u00ednimo sobe para R$ 1.302 em 1\u00ba de janeiro"},"content":{"rendered":"<p>A partir de 1\u00ba de janeiro de 2023, o sal\u00e1rio m\u00ednimo, que atualmente \u00e9 de R$ 1.212, ser\u00e1 de R$ 1.302.<img decoding=\"async\" src=\"https:\/\/agenciabrasil.ebc.com.br\/ebc.png?id=1498040&amp;o=node\" \/><img decoding=\"async\" src=\"https:\/\/agenciabrasil.ebc.com.br\/ebc.gif?id=1498040&amp;o=node\" \/><\/p>\n<p>O valor atualizado est\u00e1 em uma\u00a0<a href=\"https:\/\/www.in.gov.br\/web\/dou\/-\/medida-provisoria-n-1.143-de-12-de-dezembro-de-2022-449723945\" target=\"_blank\" rel=\"noopener\">medida provis\u00f3ria<\/a>\u00a0publicada nesta segunda-feira (12) no\u00a0<em>Di\u00e1rio Oficial da Uni\u00e3o<\/em>.<\/p>\n<p>Em nota, a Secretaria-Geral da Presid\u00eancia da Rep\u00fablica explicou que valor considera uma varia\u00e7\u00e3o da infla\u00e7\u00e3o de 5,81%, acrescida de ganho real de cerca de 1,5%.<\/p>\n<p>&#8220;O valor de R$ 1.302,00 se refere ao sal\u00e1rio m\u00ednimo nacional. O valor \u00e9 aplic\u00e1vel a todos os trabalhadores, do setor p\u00fablico e privado, como tamb\u00e9m para as aposentadorias e pens\u00f5es&#8221;, acrescenta a nota.<\/p>\n<p>Por se tratar de medida provis\u00f3ria, o texto ter\u00e1 de ser analisado por deputados e senadores. O mesmo novo valor para o sal\u00e1rio m\u00ednimo j\u00e1 estava previsto no projeto de Lei Or\u00e7ament\u00e1ria Anual (LOA) de 2023, que foi enviado ao Congresso Nacional em agosto.<\/p>\n<p><span style=\"font-weight: 400;\">Fonte: Ag\u00eancia Brasil <\/span><\/p>\n","protected":false},"excerpt":{"rendered":"<p>A partir de 1\u00ba de janeiro de 2023, o sal\u00e1rio m\u00ednimo, que atualmente \u00e9 de R$ 1.212, ser\u00e1 de R$ 1.302. O valor atualizado est\u00e1 em uma\u00a0medida provis\u00f3ria\u00a0publicada nesta segunda-feira (12) no\u00a0Di\u00e1rio Oficial da Uni\u00e3o. Em nota, a Secretaria-Geral da Presid\u00eancia da Rep\u00fablica explicou que valor considera uma varia\u00e7\u00e3o da infla\u00e7\u00e3o de 5,81%, acrescida de [&hellip;]<\/p>\n","protected":false},"author":246,"featured_media":207663,"comment_status":"closed","ping_status":"closed","sticky":false,"template":"","format":"standard","meta":{"footnotes":""},"categories":[436,261,439],"tags":[],"class_list":["post-207662","post","type-post","status-publish","format-standard","has-post-thumbnail","hentry","category-destaque-da-semana","category-economia","category-ultima-hora"],"_links":{"self":[{"href":"https:\/\/diarioregionaldigital.com.br\/index.php?rest_route=\/wp\/v2\/posts\/207662","targetHints":{"allow":["GET"]}}],"collection":[{"href":"https:\/\/diarioregionaldigital.com.br\/index.php?rest_route=\/wp\/v2\/posts"}],"about":[{"href":"https:\/\/diarioregionaldigital.com.br\/index.php?rest_route=\/wp\/v2\/types\/post"}],"author":[{"embeddable":true,"href":"https:\/\/diarioregionaldigital.com.br\/index.php?rest_route=\/wp\/v2\/users\/246"}],"replies":[{"embeddable":true,"href":"https:\/\/diarioregionaldigital.com.br\/index.php?rest_route=%2Fwp%2Fv2%2Fcomments&post=207662"}],"version-history":[{"count":2,"href":"https:\/\/diarioregionaldigital.com.br\/index.php?rest_route=\/wp\/v2\/posts\/207662\/revisions"}],"predecessor-version":[{"id":207665,"href":"https:\/\/diarioregionaldigital.com.br\/index.php?rest_route=\/wp\/v2\/posts\/207662\/revisions\/207665"}],"wp:featuredmedia":[{"embeddable":true,"href":"https:\/\/diarioregionaldigital.com.br\/index.php?rest_route=\/wp\/v2\/media\/207663"}],"wp:attachment":[{"href":"https:\/\/diarioregionaldigital.com.br\/index.php?rest_route=%2Fwp%2Fv2%2Fmedia&parent=207662"}],"wp:term":[{"taxonomy":"category","embeddable":true,"href":"https:\/\/diarioregionaldigital.com.br\/index.php?rest_route=%2Fwp%2Fv2%2Fcategories&post=207662"},{"taxonomy":"post_tag","embeddable":true,"href":"https:\/\/diarioregionaldigital.com.br\/index.php?rest_route=%2Fwp%2Fv2%2Ftags&post=207662"}],"curies":[{"name":"wp","href":"https:\/\/api.w.org\/{rel}","templated":true}]}}