{"id":207659,"date":"2022-12-12T23:19:07","date_gmt":"2022-12-13T02:19:07","guid":{"rendered":"https:\/\/diarioregionaldigital.com.br\/?p=207659"},"modified":"2022-12-12T23:19:07","modified_gmt":"2022-12-13T02:19:07","slug":"bolsa-de-valores-cai-202-e-fecha-no-menor-nivel-em-quatro-meses","status":"publish","type":"post","link":"https:\/\/diarioregionaldigital.com.br\/?p=207659","title":{"rendered":"Bolsa de Valores cai 2,02% e fecha no menor n\u00edvel em quatro meses"},"content":{"rendered":"<p>Em um dia de nervosismo no mercado financeiro, a Bolsa de Valores (B3) caiu hoje (12) mais de 2% e fechou no menor n\u00edvel desde o in\u00edcio<span id=\"OBJ_PREFIX_DWT538_com_zimbra_date\" role=\"link\">\u00a0de agosto<\/span>. O d\u00f3lar teve forte alta e fechou acima de R$ 5,30 pela primeira vez desde o fim<span id=\"OBJ_PREFIX_DWT539_com_zimbra_date\" role=\"link\">\u00a0de novembro<\/span>.<img decoding=\"async\" src=\"https:\/\/agenciabrasil.ebc.com.br\/ebc.png?id=1498134&amp;o=node\" \/><img decoding=\"async\" src=\"https:\/\/agenciabrasil.ebc.com.br\/ebc.gif?id=1498134&amp;o=node\" \/><\/p>\n<p>O \u00edndice Ibovespa, da B3, encerrou a\u00a0<span id=\"OBJ_PREFIX_DWT540_com_zimbra_date\" role=\"link\">segunda<\/span>-feira \u00a0aos 105.343 pontos, com queda de 2,02%. O indicador chegou a abrir em leve alta, mas come\u00e7ou a despencar ainda durante a manh\u00e3. Na m\u00ednima do dia, perto das 12h, chegou a recuar 3,35%.<\/p>\n<p>O dia tamb\u00e9m n\u00e3o foi tranquilo no mercado de c\u00e2mbio. O d\u00f3lar comercial fechou o dia vendido a R$ 5,312, com alta de R$ 0,066 (+1,26%). A cota\u00e7\u00e3o chegou a cair na primeira hora de negocia\u00e7\u00e3o, mas subiu ap\u00f3s a abertura do mercado norte-americano. Na m\u00e1xima do dia, por volta das 13h15, atingiu R$ 5,34.<\/p>\n<h2>Press\u00e3o<\/h2>\n<p>Tanto eventos internos como externos pressionaram o mercado financeiro\u00a0<span id=\"OBJ_PREFIX_DWT541_com_zimbra_date\" role=\"link\">hoje<\/span>. No mercado\u00a0<span id=\"OBJ_PREFIX_DWT542_com_zimbra_date\" role=\"link\">dom<\/span>\u00e9stico, os investidores est\u00e3o atentos \u00e0 vota\u00e7\u00e3o da Proposta de Emenda \u00e0 Constitui\u00e7\u00e3o (PEC) da Transi\u00e7\u00e3o, que come\u00e7a a ser discutida amanh\u00e3 (13) na C\u00e2mara dos Deputados, e a poss\u00edveis mudan\u00e7as na Lei das Estatais pelo governo eleito.<\/p>\n<p>No mercado internacional, os investidores est\u00e3o na expectativa da reuni\u00e3o do Federal Reserve (Fed, Banco Central norte-americano), amanh\u00e3 e\u00a0<span id=\"OBJ_PREFIX_DWT543_com_zimbra_date\" role=\"link\">quarta<\/span>-feira (14). As expectativas se dividem entre um aumento de 0,5 ponto percentual, o que representaria uma desacelera\u00e7\u00e3o em rela\u00e7\u00e3o aos quatro \u00faltimos reajustes, ou uma nova eleva\u00e7\u00e3o de 0,75 ponto. Taxas mais altas em economias avan\u00e7adas pressionam o d\u00f3lar e a bolsa em pa\u00edses emergentes, como o Brasil.<\/p>\n<p><span style=\"font-weight: 400;\">Fonte: Ag\u00eancia Brasil <\/span><\/p>\n","protected":false},"excerpt":{"rendered":"<p>Em um dia de nervosismo no mercado financeiro, a Bolsa de Valores (B3) caiu hoje (12) mais de 2% e fechou no menor n\u00edvel desde o in\u00edcio\u00a0de agosto. O d\u00f3lar teve forte alta e fechou acima de R$ 5,30 pela primeira vez desde o fim\u00a0de novembro. O \u00edndice Ibovespa, da B3, encerrou a\u00a0segunda-feira \u00a0aos 105.343 [&hellip;]<\/p>\n","protected":false},"author":246,"featured_media":207660,"comment_status":"closed","ping_status":"closed","sticky":false,"template":"","format":"standard","meta":{"footnotes":""},"categories":[436,440,261,439],"tags":[],"class_list":["post-207659","post","type-post","status-publish","format-standard","has-post-thumbnail","hentry","category-destaque-da-semana","category-destaques-do-dia","category-economia","category-ultima-hora"],"_links":{"self":[{"href":"https:\/\/diarioregionaldigital.com.br\/index.php?rest_route=\/wp\/v2\/posts\/207659","targetHints":{"allow":["GET"]}}],"collection":[{"href":"https:\/\/diarioregionaldigital.com.br\/index.php?rest_route=\/wp\/v2\/posts"}],"about":[{"href":"https:\/\/diarioregionaldigital.com.br\/index.php?rest_route=\/wp\/v2\/types\/post"}],"author":[{"embeddable":true,"href":"https:\/\/diarioregionaldigital.com.br\/index.php?rest_route=\/wp\/v2\/users\/246"}],"replies":[{"embeddable":true,"href":"https:\/\/diarioregionaldigital.com.br\/index.php?rest_route=%2Fwp%2Fv2%2Fcomments&post=207659"}],"version-history":[{"count":1,"href":"https:\/\/diarioregionaldigital.com.br\/index.php?rest_route=\/wp\/v2\/posts\/207659\/revisions"}],"predecessor-version":[{"id":207661,"href":"https:\/\/diarioregionaldigital.com.br\/index.php?rest_route=\/wp\/v2\/posts\/207659\/revisions\/207661"}],"wp:featuredmedia":[{"embeddable":true,"href":"https:\/\/diarioregionaldigital.com.br\/index.php?rest_route=\/wp\/v2\/media\/207660"}],"wp:attachment":[{"href":"https:\/\/diarioregionaldigital.com.br\/index.php?rest_route=%2Fwp%2Fv2%2Fmedia&parent=207659"}],"wp:term":[{"taxonomy":"category","embeddable":true,"href":"https:\/\/diarioregionaldigital.com.br\/index.php?rest_route=%2Fwp%2Fv2%2Fcategories&post=207659"},{"taxonomy":"post_tag","embeddable":true,"href":"https:\/\/diarioregionaldigital.com.br\/index.php?rest_route=%2Fwp%2Fv2%2Ftags&post=207659"}],"curies":[{"name":"wp","href":"https:\/\/api.w.org\/{rel}","templated":true}]}}