{"id":207656,"date":"2022-12-11T06:00:53","date_gmt":"2022-12-11T09:00:53","guid":{"rendered":"https:\/\/diarioregionaldigital.com.br\/?p=207656"},"modified":"2022-12-10T00:53:30","modified_gmt":"2022-12-10T03:53:30","slug":"o-sucesso-do-canal-futura-3","status":"publish","type":"post","link":"https:\/\/diarioregionaldigital.com.br\/?p=207656","title":{"rendered":"O Sucesso do Canal Futura"},"content":{"rendered":"<p>Criado em 1997, no Rio, numa cerim\u00f4nia a que compareci, o Canal Futura, da Rede Globo, tem tido uma trajet\u00f3ria de \u00eaxitos indiscut\u00edveis.<\/p>\n<p>Fez 25 anos e o seu diretor Jo\u00e3o Alegria nos disse que o canal tem tido cerca de 30 milh\u00f5es de espectadores regulares, o que \u00e9 um fato not\u00e1vel, como contribui\u00e7\u00e3o para a forma\u00e7\u00e3o de professores e alunos. Com o seu trabalho, compensou de certa forma o per\u00edodo tr\u00e1gico da pandemia, em que houve graves danos \u00e0 educa\u00e7\u00e3o do pa\u00eds.<\/p>\n<p>Deve-se a exist\u00eancia do Canal Futura \u00e0 Funda\u00e7\u00e3o Roberto Marinho, que teve a habilidade de reunir entidades privadas, inclusive v\u00e1rios bancos, para investir na educa\u00e7\u00e3o p\u00fablica, financiando os seus mais de 1,4 milh\u00e3o \u00a0de professores e gestores, na sua atividade em favor da educa\u00e7\u00e3o b\u00e1sica e empreendedora. Um dos pontos altos desse empenho \u00e9 o seu zelo pela diversidade, que est\u00e1 sempre presente na sua programa\u00e7\u00e3o, que \u00e9 nacional, ou seja, percorre todo o territ\u00f3rio brasileiro.<\/p>\n<p>Como acontece com o programa \u201cIdentidade Brasil\u201d, que apresentamos h\u00e1 mais de cinco anos, a veicula\u00e7\u00e3o \u00e9 via TV e web, em not\u00e1veis parcerias com secretarias de educa\u00e7\u00e3o e universidades, com o uso de kits pedag\u00f3gicos hoje indispens\u00e1veis. A verdade \u00e9 que isso tornou poss\u00edvel a valoriza\u00e7\u00e3o do ensino \u00e0 dist\u00e2ncia, que hoje tem mais alunos do que o ensino presencial, o que \u00e9 um fen\u00f4meno da educa\u00e7\u00e3o brasileira.<\/p>\n<p>A preocupa\u00e7\u00e3o hoje em dia \u00e9 a valoriza\u00e7\u00e3o dos conte\u00fados, a fim de que se alcance a necess\u00e1ria qualidade. E o Canal Futura trabalha igualmente pela cultura brasileira, com os seus programas muito bem selecionados. A negritude \u00e9 muito prestigiada e tamb\u00e9m se ressalta o papel da mulher em nossa sociedade, como \u00e9 natural que aconte\u00e7a. Outro \u00a0aspecto que registro, na audi\u00eancia do canal especializado, \u00e9 a valoriza\u00e7\u00e3o da educa\u00e7\u00e3o, em todos os seus n\u00edveis. Na verdade, como se afirma nos meios especializados, educa\u00e7\u00e3o e cultura s\u00e3o irm\u00e3s siamesas. Uma n\u00e3o pode viver sem a outra. A dire\u00e7\u00e3o do Canal Futura compreendeu isso e pratica essa simbiose. Ganham com isso os seus milh\u00f5es de espectadores.<\/p>\n","protected":false},"excerpt":{"rendered":"<p>Criado em 1997, no Rio, numa cerim\u00f4nia a que compareci, o Canal Futura, da Rede Globo, tem tido uma trajet\u00f3ria de \u00eaxitos indiscut\u00edveis. Fez 25 anos e o seu diretor Jo\u00e3o Alegria nos disse que o canal tem tido cerca de 30 milh\u00f5es de espectadores regulares, o que \u00e9 um fato not\u00e1vel, como contribui\u00e7\u00e3o para [&hellip;]<\/p>\n","protected":false},"author":96,"featured_media":0,"comment_status":"closed","ping_status":"closed","sticky":false,"template":"","format":"standard","meta":{"footnotes":""},"categories":[275],"tags":[],"class_list":["post-207656","post","type-post","status-publish","format-standard","hentry","category-arnaldo-niskier"],"_links":{"self":[{"href":"https:\/\/diarioregionaldigital.com.br\/index.php?rest_route=\/wp\/v2\/posts\/207656","targetHints":{"allow":["GET"]}}],"collection":[{"href":"https:\/\/diarioregionaldigital.com.br\/index.php?rest_route=\/wp\/v2\/posts"}],"about":[{"href":"https:\/\/diarioregionaldigital.com.br\/index.php?rest_route=\/wp\/v2\/types\/post"}],"author":[{"embeddable":true,"href":"https:\/\/diarioregionaldigital.com.br\/index.php?rest_route=\/wp\/v2\/users\/96"}],"replies":[{"embeddable":true,"href":"https:\/\/diarioregionaldigital.com.br\/index.php?rest_route=%2Fwp%2Fv2%2Fcomments&post=207656"}],"version-history":[{"count":1,"href":"https:\/\/diarioregionaldigital.com.br\/index.php?rest_route=\/wp\/v2\/posts\/207656\/revisions"}],"predecessor-version":[{"id":207657,"href":"https:\/\/diarioregionaldigital.com.br\/index.php?rest_route=\/wp\/v2\/posts\/207656\/revisions\/207657"}],"wp:attachment":[{"href":"https:\/\/diarioregionaldigital.com.br\/index.php?rest_route=%2Fwp%2Fv2%2Fmedia&parent=207656"}],"wp:term":[{"taxonomy":"category","embeddable":true,"href":"https:\/\/diarioregionaldigital.com.br\/index.php?rest_route=%2Fwp%2Fv2%2Fcategories&post=207656"},{"taxonomy":"post_tag","embeddable":true,"href":"https:\/\/diarioregionaldigital.com.br\/index.php?rest_route=%2Fwp%2Fv2%2Ftags&post=207656"}],"curies":[{"name":"wp","href":"https:\/\/api.w.org\/{rel}","templated":true}]}}