{"id":207648,"date":"2022-12-09T20:14:14","date_gmt":"2022-12-09T23:14:14","guid":{"rendered":"https:\/\/diarioregionaldigital.com.br\/?p=207648"},"modified":"2022-12-09T20:14:14","modified_gmt":"2022-12-09T23:14:14","slug":"operacao-tapa-buracos-segue-em-andamento-na-avenida-jk-e-no-acesso-norte","status":"publish","type":"post","link":"https:\/\/diarioregionaldigital.com.br\/?p=207648","title":{"rendered":"Opera\u00e7\u00e3o tapa-buracos segue em andamento na Avenida JK e no Acesso Norte"},"content":{"rendered":"<p>Segundo informa\u00e7\u00f5es do site da Prefeitura de Juiz de Fora (PJF),\u00a0 a\u00a0 PJF segue atuando com a opera\u00e7\u00e3o tapa-buracos em diversos pontos da cidade. Nesta sexta-feira, 9, equipes da Empresa Municipal de Pavimenta\u00e7\u00e3o e Urbanidades (Empav), esteve presente em diversas regi\u00f5es da cidade. Destaque para as avenidas Juscelino Kubitschek e Garcia Rodrigues Paes, mais conhecida como Acesso Norte, duas vias com grande movimenta\u00e7\u00e3o de ve\u00edculos e transporte coletivo urbano.<br \/>\nAl\u00e9m da JK e do Acesso Norte, os bairros Centro, Granbery, Santa Cruz e Nova Benfica tamb\u00e9m receberam a opera\u00e7\u00e3o tapa-buracos nesta sexta.<br \/>\nOs trabalhos da Empav seguem em andamento em diversos pontos da cidade. A programa\u00e7\u00e3o di\u00e1ria das atividades realizadas pela Prefeitura de Juiz de Fora pode ser conferida na p\u00e1gina do Gabinete de A\u00e7\u00e3o e Di\u00e1logo Comunit\u00e1rio atrav\u00e9s do<a href=\"https:\/\/www.pjf.mg.gov.br\/gabinetecomunitario\/#onde\">\u00a0link.<\/a><br \/>\nTodas as a\u00e7\u00f5es de reestrutura\u00e7\u00e3o, urbaniza\u00e7\u00e3o e zeladoria realizadas pela Empav fazem parte do Programa Boniteza. Estes e outros servi\u00e7os podem ser solicitados atrav\u00e9s do Gabinete de A\u00e7\u00e3o e Di\u00e1logo Comunit\u00e1rio, que recebe e organiza pedidos relativos a interven\u00e7\u00f5es e melhorias urbanas. O contato pode ser feito por liga\u00e7\u00e3o telef\u00f4nica, pelo n\u00famero (32) 3690-7241 ou, ainda, via WhatsApp, utilizando o mesmo n\u00famero.<\/p>\n","protected":false},"excerpt":{"rendered":"<p>Segundo informa\u00e7\u00f5es do site da Prefeitura de Juiz de Fora (PJF),\u00a0 a\u00a0 PJF segue atuando com a opera\u00e7\u00e3o tapa-buracos em diversos pontos da cidade. Nesta sexta-feira, 9, equipes da Empresa Municipal de Pavimenta\u00e7\u00e3o e Urbanidades (Empav), esteve presente em diversas regi\u00f5es da cidade. Destaque para as avenidas Juscelino Kubitschek e Garcia Rodrigues Paes, mais conhecida [&hellip;]<\/p>\n","protected":false},"author":246,"featured_media":207649,"comment_status":"closed","ping_status":"closed","sticky":false,"template":"","format":"standard","meta":{"footnotes":""},"categories":[253,436,439],"tags":[],"class_list":["post-207648","post","type-post","status-publish","format-standard","has-post-thumbnail","hentry","category-cidade","category-destaque-da-semana","category-ultima-hora"],"_links":{"self":[{"href":"https:\/\/diarioregionaldigital.com.br\/index.php?rest_route=\/wp\/v2\/posts\/207648","targetHints":{"allow":["GET"]}}],"collection":[{"href":"https:\/\/diarioregionaldigital.com.br\/index.php?rest_route=\/wp\/v2\/posts"}],"about":[{"href":"https:\/\/diarioregionaldigital.com.br\/index.php?rest_route=\/wp\/v2\/types\/post"}],"author":[{"embeddable":true,"href":"https:\/\/diarioregionaldigital.com.br\/index.php?rest_route=\/wp\/v2\/users\/246"}],"replies":[{"embeddable":true,"href":"https:\/\/diarioregionaldigital.com.br\/index.php?rest_route=%2Fwp%2Fv2%2Fcomments&post=207648"}],"version-history":[{"count":1,"href":"https:\/\/diarioregionaldigital.com.br\/index.php?rest_route=\/wp\/v2\/posts\/207648\/revisions"}],"predecessor-version":[{"id":207650,"href":"https:\/\/diarioregionaldigital.com.br\/index.php?rest_route=\/wp\/v2\/posts\/207648\/revisions\/207650"}],"wp:featuredmedia":[{"embeddable":true,"href":"https:\/\/diarioregionaldigital.com.br\/index.php?rest_route=\/wp\/v2\/media\/207649"}],"wp:attachment":[{"href":"https:\/\/diarioregionaldigital.com.br\/index.php?rest_route=%2Fwp%2Fv2%2Fmedia&parent=207648"}],"wp:term":[{"taxonomy":"category","embeddable":true,"href":"https:\/\/diarioregionaldigital.com.br\/index.php?rest_route=%2Fwp%2Fv2%2Fcategories&post=207648"},{"taxonomy":"post_tag","embeddable":true,"href":"https:\/\/diarioregionaldigital.com.br\/index.php?rest_route=%2Fwp%2Fv2%2Ftags&post=207648"}],"curies":[{"name":"wp","href":"https:\/\/api.w.org\/{rel}","templated":true}]}}