{"id":207645,"date":"2022-12-09T20:12:17","date_gmt":"2022-12-09T23:12:17","guid":{"rendered":"https:\/\/diarioregionaldigital.com.br\/?p=207645"},"modified":"2022-12-09T20:12:17","modified_gmt":"2022-12-09T23:12:17","slug":"coleta-conteinerizada-atendera-horario-especial-do-comercio-a-partir-deste-domingo-11","status":"publish","type":"post","link":"https:\/\/diarioregionaldigital.com.br\/?p=207645","title":{"rendered":"Coleta conteinerizada atender\u00e1 hor\u00e1rio especial do com\u00e9rcio a partir deste domingo, 11"},"content":{"rendered":"<p>Segundo informa\u00e7\u00f5es do site da Prefeitura de Juiz de Fora (PJF), em virtude do hor\u00e1rio estendido do com\u00e9rcio por conta do Natal, a coleta conteinerizada ser\u00e1 realizada neste domingo, 11, na regi\u00e3o Central da cidade. A medida tamb\u00e9m ser\u00e1 adotada no domingo, 18, caso o Brasil n\u00e3o esteja na final da Copa do Mundo, o que permitir\u00e1 a abertura dos estabelecimentos, de acordo com o Sindicom\u00e9rcio.<br \/>\n&#8220;Todo ano, no m\u00eas de dezembro, acionamos a coleta noturna para dar esse apoio aos domingos, no Centro da cidade, devido \u00e0 pr\u00e1tica comercial comum na \u00e9poca do Natal. Manter a limpeza da cidade sempre ser\u00e1 nossa prioridade\u201d, destaca a diretora Operacional do Demlurb, \u00darsula Zimmermann.<br \/>\nA partir das 14h, os servidores do Departamento Municipal de Limpeza Urbana (Demlurb) da Prefeitura de Juiz de Fora (PJF) levar\u00e3o os contentores para as ruas que contam com o servi\u00e7o no Centro, como forma de evitar o ac\u00famulo de res\u00edduos nas vias. J\u00e1 os caminh\u00f5es compactadores que fazem a coleta da regi\u00e3o, come\u00e7ar\u00e3o a circular a partir das 18h, atendendo, inclusive, toda a extens\u00e3o das avenidas Bar\u00e3o do Rio Branco, Itamar Franco e a rua S\u00e3o Mateus.<\/p>\n","protected":false},"excerpt":{"rendered":"<p>Segundo informa\u00e7\u00f5es do site da Prefeitura de Juiz de Fora (PJF), em virtude do hor\u00e1rio estendido do com\u00e9rcio por conta do Natal, a coleta conteinerizada ser\u00e1 realizada neste domingo, 11, na regi\u00e3o Central da cidade. A medida tamb\u00e9m ser\u00e1 adotada no domingo, 18, caso o Brasil n\u00e3o esteja na final da Copa do Mundo, o [&hellip;]<\/p>\n","protected":false},"author":246,"featured_media":207646,"comment_status":"closed","ping_status":"closed","sticky":false,"template":"","format":"standard","meta":{"footnotes":""},"categories":[253,436,439],"tags":[],"class_list":["post-207645","post","type-post","status-publish","format-standard","has-post-thumbnail","hentry","category-cidade","category-destaque-da-semana","category-ultima-hora"],"_links":{"self":[{"href":"https:\/\/diarioregionaldigital.com.br\/index.php?rest_route=\/wp\/v2\/posts\/207645","targetHints":{"allow":["GET"]}}],"collection":[{"href":"https:\/\/diarioregionaldigital.com.br\/index.php?rest_route=\/wp\/v2\/posts"}],"about":[{"href":"https:\/\/diarioregionaldigital.com.br\/index.php?rest_route=\/wp\/v2\/types\/post"}],"author":[{"embeddable":true,"href":"https:\/\/diarioregionaldigital.com.br\/index.php?rest_route=\/wp\/v2\/users\/246"}],"replies":[{"embeddable":true,"href":"https:\/\/diarioregionaldigital.com.br\/index.php?rest_route=%2Fwp%2Fv2%2Fcomments&post=207645"}],"version-history":[{"count":1,"href":"https:\/\/diarioregionaldigital.com.br\/index.php?rest_route=\/wp\/v2\/posts\/207645\/revisions"}],"predecessor-version":[{"id":207647,"href":"https:\/\/diarioregionaldigital.com.br\/index.php?rest_route=\/wp\/v2\/posts\/207645\/revisions\/207647"}],"wp:featuredmedia":[{"embeddable":true,"href":"https:\/\/diarioregionaldigital.com.br\/index.php?rest_route=\/wp\/v2\/media\/207646"}],"wp:attachment":[{"href":"https:\/\/diarioregionaldigital.com.br\/index.php?rest_route=%2Fwp%2Fv2%2Fmedia&parent=207645"}],"wp:term":[{"taxonomy":"category","embeddable":true,"href":"https:\/\/diarioregionaldigital.com.br\/index.php?rest_route=%2Fwp%2Fv2%2Fcategories&post=207645"},{"taxonomy":"post_tag","embeddable":true,"href":"https:\/\/diarioregionaldigital.com.br\/index.php?rest_route=%2Fwp%2Fv2%2Ftags&post=207645"}],"curies":[{"name":"wp","href":"https:\/\/api.w.org\/{rel}","templated":true}]}}