{"id":207642,"date":"2022-12-09T20:11:05","date_gmt":"2022-12-09T23:11:05","guid":{"rendered":"https:\/\/diarioregionaldigital.com.br\/?p=207642"},"modified":"2022-12-09T20:11:05","modified_gmt":"2022-12-09T23:11:05","slug":"bairro-sao-pedro-tem-interdicoes-de-transito-para-realizacao-da-corrida-do-bahamas","status":"publish","type":"post","link":"https:\/\/diarioregionaldigital.com.br\/?p=207642","title":{"rendered":"Bairro S\u00e3o Pedro tem interdi\u00e7\u00f5es de tr\u00e2nsito para realiza\u00e7\u00e3o da \u201cCorrida do Bahamas\u201d"},"content":{"rendered":"<p>Segundo informa\u00e7\u00f5es do site da Prefeitura de Juiz de Fora (PJF), neste domingo,11, ser\u00e1 realizada a \u201cCorrida do Bahamas\u201d, \u00faltima etapa do \u201c34\u00ba Ranking de Corridas de Rua\u201d, promovido pela Prefeitura de Juiz de Fora (PJF). A largada e todo percurso ser\u00e1 realizado na BR-440. Portanto, decorrente da utiliza\u00e7\u00e3o da via p\u00fablica para a competi\u00e7\u00e3o, haver\u00e1 interdi\u00e7\u00e3o total da BR-440 (a partir da Rua Roberto Stiegert) no hor\u00e1rio das 8h at\u00e9 10h.<br \/>\nA Secretaria de Esporte e Lazer (SEL) informa que por motivos de seguran\u00e7a e uma melhor viabilidade do percurso, foi feita uma altera\u00e7\u00e3o para a Corrida do Bahamas. Todo o percurso da corrida ser\u00e1 realizado na BR-440. A Largada e Chegada continuam no mesmo local, no Bahamas Mix S\u00e3o Pedro, \u00e0s 8h.<\/p>\n<div><\/div>\n","protected":false},"excerpt":{"rendered":"<p>Segundo informa\u00e7\u00f5es do site da Prefeitura de Juiz de Fora (PJF), neste domingo,11, ser\u00e1 realizada a \u201cCorrida do Bahamas\u201d, \u00faltima etapa do \u201c34\u00ba Ranking de Corridas de Rua\u201d, promovido pela Prefeitura de Juiz de Fora (PJF). A largada e todo percurso ser\u00e1 realizado na BR-440. Portanto, decorrente da utiliza\u00e7\u00e3o da via p\u00fablica para a competi\u00e7\u00e3o, [&hellip;]<\/p>\n","protected":false},"author":246,"featured_media":207643,"comment_status":"closed","ping_status":"closed","sticky":false,"template":"","format":"standard","meta":{"footnotes":""},"categories":[253,436,439],"tags":[],"class_list":["post-207642","post","type-post","status-publish","format-standard","has-post-thumbnail","hentry","category-cidade","category-destaque-da-semana","category-ultima-hora"],"_links":{"self":[{"href":"https:\/\/diarioregionaldigital.com.br\/index.php?rest_route=\/wp\/v2\/posts\/207642","targetHints":{"allow":["GET"]}}],"collection":[{"href":"https:\/\/diarioregionaldigital.com.br\/index.php?rest_route=\/wp\/v2\/posts"}],"about":[{"href":"https:\/\/diarioregionaldigital.com.br\/index.php?rest_route=\/wp\/v2\/types\/post"}],"author":[{"embeddable":true,"href":"https:\/\/diarioregionaldigital.com.br\/index.php?rest_route=\/wp\/v2\/users\/246"}],"replies":[{"embeddable":true,"href":"https:\/\/diarioregionaldigital.com.br\/index.php?rest_route=%2Fwp%2Fv2%2Fcomments&post=207642"}],"version-history":[{"count":1,"href":"https:\/\/diarioregionaldigital.com.br\/index.php?rest_route=\/wp\/v2\/posts\/207642\/revisions"}],"predecessor-version":[{"id":207644,"href":"https:\/\/diarioregionaldigital.com.br\/index.php?rest_route=\/wp\/v2\/posts\/207642\/revisions\/207644"}],"wp:featuredmedia":[{"embeddable":true,"href":"https:\/\/diarioregionaldigital.com.br\/index.php?rest_route=\/wp\/v2\/media\/207643"}],"wp:attachment":[{"href":"https:\/\/diarioregionaldigital.com.br\/index.php?rest_route=%2Fwp%2Fv2%2Fmedia&parent=207642"}],"wp:term":[{"taxonomy":"category","embeddable":true,"href":"https:\/\/diarioregionaldigital.com.br\/index.php?rest_route=%2Fwp%2Fv2%2Fcategories&post=207642"},{"taxonomy":"post_tag","embeddable":true,"href":"https:\/\/diarioregionaldigital.com.br\/index.php?rest_route=%2Fwp%2Fv2%2Ftags&post=207642"}],"curies":[{"name":"wp","href":"https:\/\/api.w.org\/{rel}","templated":true}]}}