{"id":207639,"date":"2022-12-09T20:09:18","date_gmt":"2022-12-09T23:09:18","guid":{"rendered":"https:\/\/diarioregionaldigital.com.br\/?p=207639"},"modified":"2022-12-09T20:09:18","modified_gmt":"2022-12-09T23:09:18","slug":"prefeitura-publica-decreto-para-combater-demolicoes-sem-licenca-em-juiz-de-fora","status":"publish","type":"post","link":"https:\/\/diarioregionaldigital.com.br\/?p=207639","title":{"rendered":"Prefeitura publica decreto para combater demoli\u00e7\u00f5es sem licen\u00e7a em Juiz de Fora"},"content":{"rendered":"<p>A prefeita Margarida Salom\u00e3o assinou nesta sexta-feira, 9, decreto que visa combater a pr\u00e1tica de demoli\u00e7\u00f5es sem licen\u00e7a em Juiz de Fora, causando preju\u00edzos \u00e0 coletividade e desconforto nos moradores do entorno destas edifica\u00e7\u00f5es. O decreto institui novas multas para estes casos. O Decreto ser\u00e1 publicado no Atos de Governo deste s\u00e1bado, 10.<br \/>\nA chefe do executivo municipal relembrou o recente epis\u00f3dio da demoli\u00e7\u00e3o do \u201cCastelinho do Bairu\u201d, que foi demolido sem autoriza\u00e7\u00e3o pr\u00e9via da Prefeitura. \u201cNo \u00faltimo final de semana, em plena Copa do Mundo, aconteceu a demoli\u00e7\u00e3o sem que a Prefeitura tivesse autorizado. Isso \u00e9 uma desordem urbana. Isso atrapalha os vizinhos, atrapalha o uso das vias p\u00fablicas, enfim, n\u00e3o pode acontecer algu\u00e9m, pelo seu capricho, pela sua raz\u00e3o particular, derrubar um im\u00f3vel em Juiz de Fora, existe lei aqui. Ent\u00e3o, para evitar que situa\u00e7\u00f5es como essas se repitam, n\u00f3s lavramos o decreto que aumenta a multa para quem demolir im\u00f3veis sem autoriza\u00e7\u00e3o da Prefeitura\u201d.<br \/>\nMargarida explica sobre como ser\u00e3o aplicadas as multas para as demoli\u00e7\u00f5es sem licen\u00e7a. \u201cQuaisquer im\u00f3veis, tombados, n\u00e3o tombados, de todo jeito, se demolir sem autoriza\u00e7\u00e3o, ser\u00e1 multada em 30% do valor do im\u00f3vel. E se a demoli\u00e7\u00e3o for parcial, a pessoa ter\u00e1 ainda a obriga\u00e7\u00e3o de reconstruir \u00e0s suas custas. Al\u00e9m disso, n\u00f3s estamos impondo uma multa tamb\u00e9m para a empresa que executar a demoli\u00e7\u00e3o, n\u00e3o s\u00f3 o propriet\u00e1rio. A empresa que praticar demoli\u00e7\u00e3o sem autoriza\u00e7\u00e3o, tamb\u00e9m ser\u00e1 multada com 30% do valor do im\u00f3vel demolido. \u00c9 a mesma pena aplicada ao transgressor inicial. N\u00f3s esperamos com isso ter uma cidade mais civilizada, mais ordenada e mais democr\u00e1tica. \u00c9 assim que n\u00f3s queremos viver\u201d.<\/p>\n<p>O Decreto n\u00ba 15.638 institui multa para demoli\u00e7\u00e3o sem licen\u00e7a de 30% do valor do im\u00f3vel, no caso de demoli\u00e7\u00e3o integral, e ao custo de repara\u00e7\u00e3o da edifica\u00e7\u00e3o, no caso de demoli\u00e7\u00e3o parcial. Para os im\u00f3veis que forem tombados, inventariados e\/ou em processo de tombamento, a penalidade n\u00e3o exclui outras que possam decorrer da legisla\u00e7\u00e3o espec\u00edfica, nem as responsabilidades civil e penal que possam advir desta conduta.<\/p>\n","protected":false},"excerpt":{"rendered":"<p>A prefeita Margarida Salom\u00e3o assinou nesta sexta-feira, 9, decreto que visa combater a pr\u00e1tica de demoli\u00e7\u00f5es sem licen\u00e7a em Juiz de Fora, causando preju\u00edzos \u00e0 coletividade e desconforto nos moradores do entorno destas edifica\u00e7\u00f5es. O decreto institui novas multas para estes casos. O Decreto ser\u00e1 publicado no Atos de Governo deste s\u00e1bado, 10. A chefe [&hellip;]<\/p>\n","protected":false},"author":246,"featured_media":207640,"comment_status":"closed","ping_status":"closed","sticky":false,"template":"","format":"standard","meta":{"footnotes":""},"categories":[253,436,440,439],"tags":[],"class_list":["post-207639","post","type-post","status-publish","format-standard","has-post-thumbnail","hentry","category-cidade","category-destaque-da-semana","category-destaques-do-dia","category-ultima-hora"],"_links":{"self":[{"href":"https:\/\/diarioregionaldigital.com.br\/index.php?rest_route=\/wp\/v2\/posts\/207639","targetHints":{"allow":["GET"]}}],"collection":[{"href":"https:\/\/diarioregionaldigital.com.br\/index.php?rest_route=\/wp\/v2\/posts"}],"about":[{"href":"https:\/\/diarioregionaldigital.com.br\/index.php?rest_route=\/wp\/v2\/types\/post"}],"author":[{"embeddable":true,"href":"https:\/\/diarioregionaldigital.com.br\/index.php?rest_route=\/wp\/v2\/users\/246"}],"replies":[{"embeddable":true,"href":"https:\/\/diarioregionaldigital.com.br\/index.php?rest_route=%2Fwp%2Fv2%2Fcomments&post=207639"}],"version-history":[{"count":1,"href":"https:\/\/diarioregionaldigital.com.br\/index.php?rest_route=\/wp\/v2\/posts\/207639\/revisions"}],"predecessor-version":[{"id":207641,"href":"https:\/\/diarioregionaldigital.com.br\/index.php?rest_route=\/wp\/v2\/posts\/207639\/revisions\/207641"}],"wp:featuredmedia":[{"embeddable":true,"href":"https:\/\/diarioregionaldigital.com.br\/index.php?rest_route=\/wp\/v2\/media\/207640"}],"wp:attachment":[{"href":"https:\/\/diarioregionaldigital.com.br\/index.php?rest_route=%2Fwp%2Fv2%2Fmedia&parent=207639"}],"wp:term":[{"taxonomy":"category","embeddable":true,"href":"https:\/\/diarioregionaldigital.com.br\/index.php?rest_route=%2Fwp%2Fv2%2Fcategories&post=207639"},{"taxonomy":"post_tag","embeddable":true,"href":"https:\/\/diarioregionaldigital.com.br\/index.php?rest_route=%2Fwp%2Fv2%2Ftags&post=207639"}],"curies":[{"name":"wp","href":"https:\/\/api.w.org\/{rel}","templated":true}]}}