{"id":207633,"date":"2022-12-09T20:04:35","date_gmt":"2022-12-09T23:04:35","guid":{"rendered":"https:\/\/diarioregionaldigital.com.br\/?p=207633"},"modified":"2022-12-09T20:04:35","modified_gmt":"2022-12-09T23:04:35","slug":"alegria-da-lugar-a-tristeza-na-fan-fest-com-a-derrota-do-brasil","status":"publish","type":"post","link":"https:\/\/diarioregionaldigital.com.br\/?p=207633","title":{"rendered":"Alegria d\u00e1 lugar \u00e0 tristeza na Fan Fest com a derrota do Brasil"},"content":{"rendered":"<p>A alegria e anima\u00e7\u00e3o presentes durante o jogo do Brasil com a Cro\u00e1cia deram lugar \u00e0 tristeza e ao choro ap\u00f3s a confirma\u00e7\u00e3o de que a sele\u00e7\u00e3o canarinho estava fora da Copa do Mundo. A rea\u00e7\u00e3o do p\u00fablico que acompanhou a partida na Fifa Fan Fest, na Praia de Copacabana, zona sul do Rio de Janeiro, com a perda dos p\u00eanaltis, foi a sensa\u00e7\u00e3o de n\u00e3o acreditar no que tinha ocorrido. A bacharel de Direito Tatiana Lopes enxugava as l\u00e1grimas e dizia que tinha esperan\u00e7a na chegada do hexa. O gol do Neymar no fim do primeiro tempo da prorroga\u00e7\u00e3o deu um g\u00e1s para a certeza da vit\u00f3ria.<img decoding=\"async\" src=\"https:\/\/agenciabrasil.ebc.com.br\/ebc.png?id=1497792&amp;o=node\" \/><img decoding=\"async\" src=\"https:\/\/agenciabrasil.ebc.com.br\/ebc.gif?id=1497792&amp;o=node\" \/><\/p>\n<p>\u201cAli eu j\u00e1 estava pensando no pr\u00f3ximo jogo que viria, mas infelizmente n\u00e3o conseguimos. Agora \u00e9 esperar a pr\u00f3xima Copa e ir para casa com muita tristeza no cora\u00e7\u00e3o. \u00c9 o jeito\u201d, lamentou.<\/p>\n<p>O mesmo sentimento teve a diarista Vera L\u00facia Souza Brito. \u201cNaquele gol do Neymar eu j\u00e1 estava cantando a vit\u00f3ria e daqui a pouco, empatou. Eu disse que j\u00e1 era porque no p\u00eanalti \u00e9 dif\u00edcil. Fica para a pr\u00f3xima. O hexa voou. Fazer o qu\u00ea? Mas eu ainda sou Brasil\u201d, disse.<\/p>\n<p>No fim do primeiro tempo, a confian\u00e7a no bom resultado mantinha a empolga\u00e7\u00e3o dos torcedores. O aposentado Jos\u00e9 Geraldo da Silva costuma participar de eventos das copas vestido com uma fantasia que representa uma floresta, que, segundo ele, \u00e9 uma declara\u00e7\u00e3o de amor \u00e0 natureza e \u00e0s cores do pa\u00eds. \u201cO jogo est\u00e1 equilibrado, a Cro\u00e1cia n\u00e3o \u00e9 f\u00e1cil, mas com certeza o Brasil vai vencer de 1 a 0. A final vai ser Inglaterra e Brasil, e o hexa vai ser uma homenagem ao nosso rei Pel\u00e9\u201d, disse.<\/p>\n<p>A professora de educa\u00e7\u00e3o f\u00edsica Kellen Aleixo, que falou com a reportagem da Ag\u00eancia Brasil antes do jogo, tamb\u00e9m permanecia animada. \u201cA Cro\u00e1cia est\u00e1 muito fechada, mas ap\u00f3s a metade do primeiro tempo achei que o Brasil come\u00e7ou a avan\u00e7ar mais e a Cro\u00e1cia a se cansar. O gol vai sair logo no in\u00edcio do segundo tempo com a gra\u00e7a de Deus\u201d, apostou.<\/p>\n<p>A secret\u00e1ria Vanessa de Souza estava animada com a experi\u00eancia de acompanhar, pela primeira vez o jogo no Fifa Fan Fest. \u201cEu estou muito feliz, quero vir outras vezes e confiante que o Brasil vai ganhar\u201d, disse no intervalo do primeiro tempo do jogo.<\/p>\n<p>Logo no in\u00edcio do segundo tempo, com a presen\u00e7a mais ofensiva do Brasil, o p\u00fablico vibrava com as possibilidades de gol. Mesmo \u00e0 dist\u00e2ncia de onde estava ocorrendo o jogo, a torcida cantava para empurrar a sele\u00e7\u00e3o. Mas os minutos foram passando e o jogo foi para a prorroga\u00e7\u00e3o. No gol de Neymar, o canto explodiu em Copacabana. \u201cSou brasileiro, com muito orgulho, com muito amor\u201d, gritavam.<\/p>\n<h2>P\u00eanaltis<\/h2>\n<p>O empate na prorroga\u00e7\u00e3o levou a decis\u00e3o para os p\u00eanaltis. O eletricista aposentado Aristides Teles manifestou preocupa\u00e7\u00e3o porque, segundo ele, a Cro\u00e1cia tinha hist\u00f3ria de vencer nessa modalidade. \u201cEstou preocupado. Esses caras j\u00e1 ganharam nos p\u00eanaltis. Depois que eu vi aquele integrante da CBF maltratar um gato tive um pressentimento\u201d, comentou, se referindo ao epis\u00f3dio que ocorreu durante uma entrevista, na quarta-feira (7), do jogador Vin\u00edcius Jr, no Catar, quando um assessor da CBF para afastar o animal da mesa da coletiva fazendo um carinho no gato e segurando-o pelo cangote.<\/p>\n<p>O v\u00eddeo se espalhou nas redes sociais e muitos especialistas criticaram a forma como o animal foi retirado do local. Depois da perda nos p\u00eanaltis, Aristides Teles comentou, \u201cEu n\u00e3o falei?\u201d, deixando escapar a busca de um motivo para explicar a derrota.<\/p>\n<p><span style=\"font-weight: 400;\"><br \/>\n<\/span><span style=\"font-weight: 400;\">Fonte: Ag\u00eancia Brasil <\/span><\/p>\n","protected":false},"excerpt":{"rendered":"<p>A alegria e anima\u00e7\u00e3o presentes durante o jogo do Brasil com a Cro\u00e1cia deram lugar \u00e0 tristeza e ao choro ap\u00f3s a confirma\u00e7\u00e3o de que a sele\u00e7\u00e3o canarinho estava fora da Copa do Mundo. A rea\u00e7\u00e3o do p\u00fablico que acompanhou a partida na Fifa Fan Fest, na Praia de Copacabana, zona sul do Rio de [&hellip;]<\/p>\n","protected":false},"author":246,"featured_media":207634,"comment_status":"closed","ping_status":"closed","sticky":false,"template":"","format":"standard","meta":{"footnotes":""},"categories":[436,257,439],"tags":[],"class_list":["post-207633","post","type-post","status-publish","format-standard","has-post-thumbnail","hentry","category-destaque-da-semana","category-esporte","category-ultima-hora"],"_links":{"self":[{"href":"https:\/\/diarioregionaldigital.com.br\/index.php?rest_route=\/wp\/v2\/posts\/207633","targetHints":{"allow":["GET"]}}],"collection":[{"href":"https:\/\/diarioregionaldigital.com.br\/index.php?rest_route=\/wp\/v2\/posts"}],"about":[{"href":"https:\/\/diarioregionaldigital.com.br\/index.php?rest_route=\/wp\/v2\/types\/post"}],"author":[{"embeddable":true,"href":"https:\/\/diarioregionaldigital.com.br\/index.php?rest_route=\/wp\/v2\/users\/246"}],"replies":[{"embeddable":true,"href":"https:\/\/diarioregionaldigital.com.br\/index.php?rest_route=%2Fwp%2Fv2%2Fcomments&post=207633"}],"version-history":[{"count":1,"href":"https:\/\/diarioregionaldigital.com.br\/index.php?rest_route=\/wp\/v2\/posts\/207633\/revisions"}],"predecessor-version":[{"id":207635,"href":"https:\/\/diarioregionaldigital.com.br\/index.php?rest_route=\/wp\/v2\/posts\/207633\/revisions\/207635"}],"wp:featuredmedia":[{"embeddable":true,"href":"https:\/\/diarioregionaldigital.com.br\/index.php?rest_route=\/wp\/v2\/media\/207634"}],"wp:attachment":[{"href":"https:\/\/diarioregionaldigital.com.br\/index.php?rest_route=%2Fwp%2Fv2%2Fmedia&parent=207633"}],"wp:term":[{"taxonomy":"category","embeddable":true,"href":"https:\/\/diarioregionaldigital.com.br\/index.php?rest_route=%2Fwp%2Fv2%2Fcategories&post=207633"},{"taxonomy":"post_tag","embeddable":true,"href":"https:\/\/diarioregionaldigital.com.br\/index.php?rest_route=%2Fwp%2Fv2%2Ftags&post=207633"}],"curies":[{"name":"wp","href":"https:\/\/api.w.org\/{rel}","templated":true}]}}