{"id":207630,"date":"2022-12-09T20:03:10","date_gmt":"2022-12-09T23:03:10","guid":{"rendered":"https:\/\/diarioregionaldigital.com.br\/?p=207630"},"modified":"2022-12-09T20:03:10","modified_gmt":"2022-12-09T23:03:10","slug":"tite-afirma-que-encerra-seu-ciclo-na-selecao-brasileira-em-paz","status":"publish","type":"post","link":"https:\/\/diarioregionaldigital.com.br\/?p=207630","title":{"rendered":"Tite afirma que encerra seu ciclo na sele\u00e7\u00e3o brasileira em paz"},"content":{"rendered":"<p>O t\u00e9cnico Tite afirmou, em entrevista coletiva concedida nesta sexta-feira (9), que encerra seu ciclo na sele\u00e7\u00e3o em paz, mesmo ap\u00f3s desclassifica\u00e7\u00e3o nas quartas de final da Copa do Catar ap\u00f3s derrota para a Cro\u00e1cia na disputa de p\u00eanaltis. Esta foi a segunda oportunidade na qual a sele\u00e7\u00e3o brasileira foi eliminada nesta fase de um Mundial sob o comando do treinador (em 2018, o algoz foi a B\u00e9lgica).<img decoding=\"async\" src=\"https:\/\/agenciabrasil.ebc.com.br\/ebc.png?id=1497787&amp;o=node\" \/><img decoding=\"async\" src=\"https:\/\/agenciabrasil.ebc.com.br\/ebc.gif?id=1497787&amp;o=node\" \/><\/p>\n<p>\u201cA derrota foi dolorida, mas estou em paz comigo mesmo. \u00c9 o fim de ciclo. Eu j\u00e1 havia anunciado h\u00e1 mais de um ano e meio, n\u00e3o sou um cara de duas palavras. N\u00e3o estava jogando para vencer e depois fazer drama para ficar\u201d, declarou.<\/p>\n<p>Apesar da dolorida derrota, de 4 a 2 nas penalidades m\u00e1ximas, ap\u00f3s igualdade de 1 a 1 no tempo extra no Est\u00e1dio Cidade da Educa\u00e7\u00e3o, Tite afirmou que a campanha no Catar deixa ao menos um legado, o in\u00edcio de uma nova gera\u00e7\u00e3o na sele\u00e7\u00e3o brasileira: \u201cTem uma gera\u00e7\u00e3o bonita surgindo. Ela vai se fortalecer nas adversidades, no crescimento\u201d.<\/p>\n<p>O comandante da sele\u00e7\u00e3o brasileira tamb\u00e9m foi questionado sobre o gol sofrido por sua equipe j\u00e1 aos 11 minutos do segundo tempo da prorroga\u00e7\u00e3o, que levou ao empate no marcador e \u00e0 disputa de p\u00eanaltis. \u201cN\u00e3o acho que nos desorganizamos. Primeiro, est\u00e1vamos em uma a\u00e7\u00e3o ofensiva, colocando volume na frente, e a jogada foi quebrada. Ap\u00f3s ela ser quebrada e pressionada, tivemos com o Pedro a infiltra\u00e7\u00e3o do Fred, uma bola espirrada na frente. O Danilo d\u00e1 e volta, e nesse vai e vem uma bola puxa fundo. Conseguimos voltar e fechar a parte central do campo, mas a bola veio para tr\u00e1s. Houve a finaliza\u00e7\u00e3o, desvio e entrou, em uma \u00fanica finaliza\u00e7\u00e3o\u201d.<\/p>\n<p>Outro assunto abordado foi a op\u00e7\u00e3o de deixar Neymar para realizar a \u00faltima cobran\u00e7a de p\u00eanalti da s\u00e9rie inicial (como a Cro\u00e1cia foi mais efetiva, o camisa 10 do Brasil nem chegou a bater o seu p\u00eanalti): \u201cNeymar \u00e9 o quinto e decisivo p\u00eanalti. Fica com a maior press\u00e3o o jogador que tem mais qualidade e a [for\u00e7a] mental para fazer a cobran\u00e7a\u201d.<\/p>\n<p><span style=\"font-weight: 400;\">Fonte: Ag\u00eancia Brasil <\/span><\/p>\n","protected":false},"excerpt":{"rendered":"<p>O t\u00e9cnico Tite afirmou, em entrevista coletiva concedida nesta sexta-feira (9), que encerra seu ciclo na sele\u00e7\u00e3o em paz, mesmo ap\u00f3s desclassifica\u00e7\u00e3o nas quartas de final da Copa do Catar ap\u00f3s derrota para a Cro\u00e1cia na disputa de p\u00eanaltis. Esta foi a segunda oportunidade na qual a sele\u00e7\u00e3o brasileira foi eliminada nesta fase de um [&hellip;]<\/p>\n","protected":false},"author":246,"featured_media":207631,"comment_status":"closed","ping_status":"closed","sticky":false,"template":"","format":"standard","meta":{"footnotes":""},"categories":[436,257,439],"tags":[],"class_list":["post-207630","post","type-post","status-publish","format-standard","has-post-thumbnail","hentry","category-destaque-da-semana","category-esporte","category-ultima-hora"],"_links":{"self":[{"href":"https:\/\/diarioregionaldigital.com.br\/index.php?rest_route=\/wp\/v2\/posts\/207630","targetHints":{"allow":["GET"]}}],"collection":[{"href":"https:\/\/diarioregionaldigital.com.br\/index.php?rest_route=\/wp\/v2\/posts"}],"about":[{"href":"https:\/\/diarioregionaldigital.com.br\/index.php?rest_route=\/wp\/v2\/types\/post"}],"author":[{"embeddable":true,"href":"https:\/\/diarioregionaldigital.com.br\/index.php?rest_route=\/wp\/v2\/users\/246"}],"replies":[{"embeddable":true,"href":"https:\/\/diarioregionaldigital.com.br\/index.php?rest_route=%2Fwp%2Fv2%2Fcomments&post=207630"}],"version-history":[{"count":1,"href":"https:\/\/diarioregionaldigital.com.br\/index.php?rest_route=\/wp\/v2\/posts\/207630\/revisions"}],"predecessor-version":[{"id":207632,"href":"https:\/\/diarioregionaldigital.com.br\/index.php?rest_route=\/wp\/v2\/posts\/207630\/revisions\/207632"}],"wp:featuredmedia":[{"embeddable":true,"href":"https:\/\/diarioregionaldigital.com.br\/index.php?rest_route=\/wp\/v2\/media\/207631"}],"wp:attachment":[{"href":"https:\/\/diarioregionaldigital.com.br\/index.php?rest_route=%2Fwp%2Fv2%2Fmedia&parent=207630"}],"wp:term":[{"taxonomy":"category","embeddable":true,"href":"https:\/\/diarioregionaldigital.com.br\/index.php?rest_route=%2Fwp%2Fv2%2Fcategories&post=207630"},{"taxonomy":"post_tag","embeddable":true,"href":"https:\/\/diarioregionaldigital.com.br\/index.php?rest_route=%2Fwp%2Fv2%2Ftags&post=207630"}],"curies":[{"name":"wp","href":"https:\/\/api.w.org\/{rel}","templated":true}]}}