{"id":207624,"date":"2022-12-09T19:55:36","date_gmt":"2022-12-09T22:55:36","guid":{"rendered":"https:\/\/diarioregionaldigital.com.br\/?p=207624"},"modified":"2022-12-09T19:55:36","modified_gmt":"2022-12-09T22:55:36","slug":"transicao-foi-a-mais-participativa-e-economica-diz-lula","status":"publish","type":"post","link":"https:\/\/diarioregionaldigital.com.br\/?p=207624","title":{"rendered":"Transi\u00e7\u00e3o foi a mais participativa e econ\u00f4mica, diz Lula"},"content":{"rendered":"<p>Prestes a apresentar os relat\u00f3rios finais, o Gabinete de Transi\u00e7\u00e3o foi o que mais teve participa\u00e7\u00e3o da sociedade e que economizou no Or\u00e7amento, disse o presidente eleito Luiz In\u00e1cio Lula da Silva. Ele e o vice-presidente eleito, Geraldo Alckmin, apresentaram estat\u00edsticas dos trabalhos realizados nas \u00faltimas semanas.<img decoding=\"async\" src=\"https:\/\/agenciabrasil.ebc.com.br\/ebc.png?id=1497701&amp;o=node\" \/><img decoding=\"async\" src=\"https:\/\/agenciabrasil.ebc.com.br\/ebc.gif?id=1497701&amp;o=node\" \/><\/p>\n<p>Com 32 grupos t\u00e9cnicos, o Gabinete de Transi\u00e7\u00e3o reuniu 940 participantes, a maioria absoluta volunt\u00e1rios. Ao mesmo tempo, segundo Lula e Alckmin, teve o menor custo da hist\u00f3ria. De 50 cargos dispon\u00edveis, somente 22 foram nomeados.<\/p>\n<p>\u201cPenso que foi a transi\u00e7\u00e3o mais democr\u00e1tica j\u00e1 feita na hist\u00f3ria das transi\u00e7\u00f5es. O que me impressionou bastantes foi a quantidade de volunt\u00e1rios e que n\u00e3o usamos a quantidade de dinheiro que ofereceram para a transi\u00e7\u00e3o\u201d, disse Lula.<\/p>\n<p>Coordenador-geral da equipe de transi\u00e7\u00e3o, Alckmin disse que os grupos t\u00e9cnicos apresentaram 180 requerimentos de informa\u00e7\u00e3o ao governo federal, dos quais muitos n\u00e3o foram respondidos. Ele tamb\u00e9m detalhou o cronograma para a pr\u00f3xima semana.<\/p>\n<p>Na segunda-feira (12), os grupos t\u00e9cnicos encerrar\u00e3o os relat\u00f3rios. Na ter\u00e7a-feira (13), haver\u00e1 uma cerim\u00f4nia de agradecimento, com a apresenta\u00e7\u00e3o do relat\u00f3rio final.<\/p>\n<p>Segundo Alckmin, o relat\u00f3rio final ter\u00e1 um diagn\u00f3stico de cada \u00e1rea, com alerta para os primeiros meses de governo. O relat\u00f3rio tamb\u00e9m ter\u00e1 emerg\u00eancias or\u00e7ament\u00e1rias, sugest\u00f5es de revoga\u00e7\u00f5es, a\u00e7\u00f5es priorit\u00e1rias e propostas de estrutura para cada \u00e1rea.<\/p>\n<p>\u201cFoi a transi\u00e7\u00e3o mais participativa e plural que tivemos\u201d, disse Alckmin.<\/p>\n<p>Os grupos de trabalho foram divididos em dois conselhos, um de participa\u00e7\u00e3o social, que reuniu especialistas e volunt\u00e1rios, e outro pol\u00edtico, formado por parlamentares.<\/p>\n<p><span style=\"font-weight: 400;\"><br \/>\n<\/span><span style=\"font-weight: 400;\">Fonte: Ag\u00eancia Brasil <\/span><\/p>\n","protected":false},"excerpt":{"rendered":"<p>Prestes a apresentar os relat\u00f3rios finais, o Gabinete de Transi\u00e7\u00e3o foi o que mais teve participa\u00e7\u00e3o da sociedade e que economizou no Or\u00e7amento, disse o presidente eleito Luiz In\u00e1cio Lula da Silva. Ele e o vice-presidente eleito, Geraldo Alckmin, apresentaram estat\u00edsticas dos trabalhos realizados nas \u00faltimas semanas. Com 32 grupos t\u00e9cnicos, o Gabinete de Transi\u00e7\u00e3o [&hellip;]<\/p>\n","protected":false},"author":246,"featured_media":207625,"comment_status":"closed","ping_status":"closed","sticky":false,"template":"","format":"standard","meta":{"footnotes":""},"categories":[436,254,439],"tags":[],"class_list":["post-207624","post","type-post","status-publish","format-standard","has-post-thumbnail","hentry","category-destaque-da-semana","category-politica","category-ultima-hora"],"_links":{"self":[{"href":"https:\/\/diarioregionaldigital.com.br\/index.php?rest_route=\/wp\/v2\/posts\/207624","targetHints":{"allow":["GET"]}}],"collection":[{"href":"https:\/\/diarioregionaldigital.com.br\/index.php?rest_route=\/wp\/v2\/posts"}],"about":[{"href":"https:\/\/diarioregionaldigital.com.br\/index.php?rest_route=\/wp\/v2\/types\/post"}],"author":[{"embeddable":true,"href":"https:\/\/diarioregionaldigital.com.br\/index.php?rest_route=\/wp\/v2\/users\/246"}],"replies":[{"embeddable":true,"href":"https:\/\/diarioregionaldigital.com.br\/index.php?rest_route=%2Fwp%2Fv2%2Fcomments&post=207624"}],"version-history":[{"count":1,"href":"https:\/\/diarioregionaldigital.com.br\/index.php?rest_route=\/wp\/v2\/posts\/207624\/revisions"}],"predecessor-version":[{"id":207626,"href":"https:\/\/diarioregionaldigital.com.br\/index.php?rest_route=\/wp\/v2\/posts\/207624\/revisions\/207626"}],"wp:featuredmedia":[{"embeddable":true,"href":"https:\/\/diarioregionaldigital.com.br\/index.php?rest_route=\/wp\/v2\/media\/207625"}],"wp:attachment":[{"href":"https:\/\/diarioregionaldigital.com.br\/index.php?rest_route=%2Fwp%2Fv2%2Fmedia&parent=207624"}],"wp:term":[{"taxonomy":"category","embeddable":true,"href":"https:\/\/diarioregionaldigital.com.br\/index.php?rest_route=%2Fwp%2Fv2%2Fcategories&post=207624"},{"taxonomy":"post_tag","embeddable":true,"href":"https:\/\/diarioregionaldigital.com.br\/index.php?rest_route=%2Fwp%2Fv2%2Ftags&post=207624"}],"curies":[{"name":"wp","href":"https:\/\/api.w.org\/{rel}","templated":true}]}}