{"id":207620,"date":"2022-12-09T19:54:07","date_gmt":"2022-12-09T22:54:07","guid":{"rendered":"https:\/\/diarioregionaldigital.com.br\/?p=207620"},"modified":"2022-12-09T19:54:07","modified_gmt":"2022-12-09T22:54:07","slug":"marco-fiscal-e-reforma-tributaria-serao-prioridades-diz-haddad","status":"publish","type":"post","link":"https:\/\/diarioregionaldigital.com.br\/?p=207620","title":{"rendered":"Marco fiscal e reforma tribut\u00e1ria ser\u00e3o prioridades, diz Haddad"},"content":{"rendered":"<p>A discuss\u00e3o sobre o novo marco fiscal, a reforma tribut\u00e1ria e a revitaliza\u00e7\u00e3o do acordo entre o Mercosul e a Uni\u00e3o Europeia ser\u00e3o prioridades da equipe econ\u00f4mica no primeiro ano de governo, disse o futuro ministro da Fazenda, Fernando Haddad. Pouco ap\u00f3s ser confirmado ao cargo, ele concedeu uma r\u00e1pida entrevista aos jornalistas.<img decoding=\"async\" src=\"https:\/\/agenciabrasil.ebc.com.br\/ebc.png?id=1497710&amp;o=node\" \/><img decoding=\"async\" src=\"https:\/\/agenciabrasil.ebc.com.br\/ebc.gif?id=1497710&amp;o=node\" \/><\/p>\n<p>O ministro disse ter em mente alguns nomes para a equipe econ\u00f4mica, mas que s\u00f3 come\u00e7ar\u00e1 a fazer os convites agora, ap\u00f3s ter sido confirmado ao cargo. Sobre a prepara\u00e7\u00e3o para assumir o Minist\u00e9rio da Fazenda, Haddad informou que a Prefeitura de S\u00e3o Paulo ganhou grau de investimento (selo de bom pagador) durante sua gest\u00e3o.<\/p>\n<p>\u201c\u00c9 s\u00f3 olhar o hist\u00f3rico e ver que a Prefeitura de S\u00e3o Paulo recebeu investment grade [grau de investimento], pela primeira vez, durante minha gest\u00e3o. Quem n\u00e3o olha o hist\u00f3rico cai em fake news&#8221;, disse Haddad, antes de deixar o Centro Cultural Banco do Brasil (CCBB).<\/p>\n<p>Em rela\u00e7\u00e3o \u00e0 discuss\u00e3o sobre o novo marco fiscal, o futuro ministro disse que o novo governo est\u00e1 obrigado a definir um substituto para a regra do teto de gastos ap\u00f3s a aprova\u00e7\u00e3o, pelo Senado, da\u00a0<a href=\"http:\/\/https\/\/legis.senado.leg.br\/sdleg-getter\/documento?dm=9216186&amp;ts=1670535489598&amp;disposition=inline\" target=\"_blank\" rel=\"noopener\">Proposta de Emenda \u00e0 Constitui\u00e7\u00e3o (PEC) da Transi\u00e7\u00e3o<\/a>.<\/p>\n<p>\u201cA [vers\u00e3o atual] da PEC d\u00e1 um prazo para que a gente fa\u00e7a isso\u201d, disse Haddad. O texto aprovado no Senado estabelece at\u00e9 agosto do pr\u00f3ximo ano para que o futuro governo envie uma nova regra fiscal por meio de um projeto de lei complementar.<\/p>\n<p>O novo ministro disse que a equipe econ\u00f4mica ser\u00e1 \u201cplural\u201d e que ser\u00e1 combinada junto com o Minist\u00e9rio do Planejamento, pasta a ser recriada e cujo titular ainda n\u00e3o foi anunciado. \u201cPreciso combinar com o ministro do Planejamento, para ter uma equipe coesa\u201d, disse.<\/p>\n<p>Haddad prometeu conceder uma entrevista na pr\u00f3xima ter\u00e7a-feira (13). Ontem (8), o novo ministro da Fazenda reuniu-se pela primeira vez com o ministro da Economia, Paulo Guedes. O encontro ocorreu fora da agenda oficial e s\u00f3 foi confirmado ap\u00f3s o fim da reuni\u00e3o.<\/p>\n<p><span style=\"font-weight: 400;\">Fonte: Ag\u00eancia Brasil <\/span><\/p>\n","protected":false},"excerpt":{"rendered":"<p>A discuss\u00e3o sobre o novo marco fiscal, a reforma tribut\u00e1ria e a revitaliza\u00e7\u00e3o do acordo entre o Mercosul e a Uni\u00e3o Europeia ser\u00e3o prioridades da equipe econ\u00f4mica no primeiro ano de governo, disse o futuro ministro da Fazenda, Fernando Haddad. Pouco ap\u00f3s ser confirmado ao cargo, ele concedeu uma r\u00e1pida entrevista aos jornalistas. O ministro [&hellip;]<\/p>\n","protected":false},"author":246,"featured_media":207621,"comment_status":"closed","ping_status":"closed","sticky":false,"template":"","format":"standard","meta":{"footnotes":""},"categories":[436,254,439],"tags":[],"class_list":["post-207620","post","type-post","status-publish","format-standard","has-post-thumbnail","hentry","category-destaque-da-semana","category-politica","category-ultima-hora"],"_links":{"self":[{"href":"https:\/\/diarioregionaldigital.com.br\/index.php?rest_route=\/wp\/v2\/posts\/207620","targetHints":{"allow":["GET"]}}],"collection":[{"href":"https:\/\/diarioregionaldigital.com.br\/index.php?rest_route=\/wp\/v2\/posts"}],"about":[{"href":"https:\/\/diarioregionaldigital.com.br\/index.php?rest_route=\/wp\/v2\/types\/post"}],"author":[{"embeddable":true,"href":"https:\/\/diarioregionaldigital.com.br\/index.php?rest_route=\/wp\/v2\/users\/246"}],"replies":[{"embeddable":true,"href":"https:\/\/diarioregionaldigital.com.br\/index.php?rest_route=%2Fwp%2Fv2%2Fcomments&post=207620"}],"version-history":[{"count":1,"href":"https:\/\/diarioregionaldigital.com.br\/index.php?rest_route=\/wp\/v2\/posts\/207620\/revisions"}],"predecessor-version":[{"id":207622,"href":"https:\/\/diarioregionaldigital.com.br\/index.php?rest_route=\/wp\/v2\/posts\/207620\/revisions\/207622"}],"wp:featuredmedia":[{"embeddable":true,"href":"https:\/\/diarioregionaldigital.com.br\/index.php?rest_route=\/wp\/v2\/media\/207621"}],"wp:attachment":[{"href":"https:\/\/diarioregionaldigital.com.br\/index.php?rest_route=%2Fwp%2Fv2%2Fmedia&parent=207620"}],"wp:term":[{"taxonomy":"category","embeddable":true,"href":"https:\/\/diarioregionaldigital.com.br\/index.php?rest_route=%2Fwp%2Fv2%2Fcategories&post=207620"},{"taxonomy":"post_tag","embeddable":true,"href":"https:\/\/diarioregionaldigital.com.br\/index.php?rest_route=%2Fwp%2Fv2%2Ftags&post=207620"}],"curies":[{"name":"wp","href":"https:\/\/api.w.org\/{rel}","templated":true}]}}