{"id":207609,"date":"2022-12-09T19:46:37","date_gmt":"2022-12-09T22:46:37","guid":{"rendered":"https:\/\/diarioregionaldigital.com.br\/?p=207609"},"modified":"2022-12-09T19:46:37","modified_gmt":"2022-12-09T22:46:37","slug":"vendas-do-comercio-eletronico-na-black-friday-crescem-60","status":"publish","type":"post","link":"https:\/\/diarioregionaldigital.com.br\/?p=207609","title":{"rendered":"Vendas do com\u00e9rcio eletr\u00f4nico na Black Friday crescem 60%"},"content":{"rendered":"<p>A receita das vendas realizadas pelo com\u00e9rcio eletr\u00f4nico no fim de semana da\u00a0<em>Black Friday<\/em>, de 25 a 27 de novembro, aumentou 60% em compara\u00e7\u00e3o ao mesmo per\u00edodo de 2021. Os dados, divulgados hoje (8), em S\u00e3o Paulo, s\u00e3o da empresa de intelig\u00eancia anal\u00edtica Boa Vista, medidos pelo sistema antifraude Konduto.\u00a0<img decoding=\"async\" src=\"https:\/\/agenciabrasil.ebc.com.br\/ebc.png?id=1497657&amp;o=node\" \/><img decoding=\"async\" src=\"https:\/\/agenciabrasil.ebc.com.br\/ebc.gif?id=1497657&amp;o=node\" \/><\/p>\n<p>Em contrapartida ao crescimento da receita, o n\u00famero de pedidos\u00a0<em>online<\/em>\u00a0caiu 25% na compara\u00e7\u00e3o com a edi\u00e7\u00e3o de 2021. Segundo a Boa Vista, os dados apontam que os consumidores optaram por adquirir menos produtos, mas de maior valor.<\/p>\n<p>Acompanhando a redu\u00e7\u00e3o do n\u00famero de pedidos de compra\u00a0<em>online<\/em>, as tentativas de fraudes nesta\u00a0<em>Black Friday<\/em>\u00a0tamb\u00e9m recuaram (-26%) em compara\u00e7\u00e3o com 2021. Mesmo assim, a empresa registrou tentativas de fraude que poderiam gerar preju\u00edzo de R$ 71,5 milh\u00f5es.<\/p>\n<h2>Celular<\/h2>\n<p>Os dados mostram, ainda, que as compras via celular t\u00eam aumentado ano a ano no pa\u00eds. Em 2020, as compras via\u00a0<em>mobile\u00a0<\/em>passaram de 50% do n\u00famero total de aquisi\u00e7\u00f5es\u00a0<em>online<\/em>. Em 2022, esse n\u00famero chegou a 74%. E as fraudes tamb\u00e9m acompanharam: 72% das tentativas de golpe foram originadas desses dispositivos.<\/p>\n<p>Na an\u00e1lise por regi\u00e3o, o Sudeste se destacou, registrando 62% das vendas e 59% das tentativas de fraude em todo o Brasil.<\/p>\n<p><span style=\"font-weight: 400;\">Fonte: Ag\u00eancia Brasil <\/span><\/p>\n","protected":false},"excerpt":{"rendered":"<p>A receita das vendas realizadas pelo com\u00e9rcio eletr\u00f4nico no fim de semana da\u00a0Black Friday, de 25 a 27 de novembro, aumentou 60% em compara\u00e7\u00e3o ao mesmo per\u00edodo de 2021. Os dados, divulgados hoje (8), em S\u00e3o Paulo, s\u00e3o da empresa de intelig\u00eancia anal\u00edtica Boa Vista, medidos pelo sistema antifraude Konduto.\u00a0 Em contrapartida ao crescimento da [&hellip;]<\/p>\n","protected":false},"author":246,"featured_media":207610,"comment_status":"closed","ping_status":"closed","sticky":false,"template":"","format":"standard","meta":{"footnotes":""},"categories":[436,261,439],"tags":[],"class_list":["post-207609","post","type-post","status-publish","format-standard","has-post-thumbnail","hentry","category-destaque-da-semana","category-economia","category-ultima-hora"],"_links":{"self":[{"href":"https:\/\/diarioregionaldigital.com.br\/index.php?rest_route=\/wp\/v2\/posts\/207609","targetHints":{"allow":["GET"]}}],"collection":[{"href":"https:\/\/diarioregionaldigital.com.br\/index.php?rest_route=\/wp\/v2\/posts"}],"about":[{"href":"https:\/\/diarioregionaldigital.com.br\/index.php?rest_route=\/wp\/v2\/types\/post"}],"author":[{"embeddable":true,"href":"https:\/\/diarioregionaldigital.com.br\/index.php?rest_route=\/wp\/v2\/users\/246"}],"replies":[{"embeddable":true,"href":"https:\/\/diarioregionaldigital.com.br\/index.php?rest_route=%2Fwp%2Fv2%2Fcomments&post=207609"}],"version-history":[{"count":1,"href":"https:\/\/diarioregionaldigital.com.br\/index.php?rest_route=\/wp\/v2\/posts\/207609\/revisions"}],"predecessor-version":[{"id":207611,"href":"https:\/\/diarioregionaldigital.com.br\/index.php?rest_route=\/wp\/v2\/posts\/207609\/revisions\/207611"}],"wp:featuredmedia":[{"embeddable":true,"href":"https:\/\/diarioregionaldigital.com.br\/index.php?rest_route=\/wp\/v2\/media\/207610"}],"wp:attachment":[{"href":"https:\/\/diarioregionaldigital.com.br\/index.php?rest_route=%2Fwp%2Fv2%2Fmedia&parent=207609"}],"wp:term":[{"taxonomy":"category","embeddable":true,"href":"https:\/\/diarioregionaldigital.com.br\/index.php?rest_route=%2Fwp%2Fv2%2Fcategories&post=207609"},{"taxonomy":"post_tag","embeddable":true,"href":"https:\/\/diarioregionaldigital.com.br\/index.php?rest_route=%2Fwp%2Fv2%2Ftags&post=207609"}],"curies":[{"name":"wp","href":"https:\/\/api.w.org\/{rel}","templated":true}]}}