{"id":207602,"date":"2022-12-09T19:40:23","date_gmt":"2022-12-09T22:40:23","guid":{"rendered":"https:\/\/diarioregionaldigital.com.br\/?p=207602"},"modified":"2022-12-09T19:40:23","modified_gmt":"2022-12-09T22:40:23","slug":"bolsa-cai-167-e-atinge-menor-nivel-desde-agosto","status":"publish","type":"post","link":"https:\/\/diarioregionaldigital.com.br\/?p=207602","title":{"rendered":"Bolsa cai 1,67% e atinge menor n\u00edvel desde agosto"},"content":{"rendered":"<p>No dia seguinte \u00e0 aprova\u00e7\u00e3o da Proposta de Emenda \u00e0 Constitui\u00e7\u00e3o (PEC) da Transi\u00e7\u00e3o, a bolsa teve nova queda e atingiu o menor n\u00edvel desde agosto. A moeda norte-americana teve um dia est\u00e1vel, fechando em leve alta.<\/p>\n<p>O \u00edndice Ibovespa, da B3, fechou aos 107.249 pontos, com queda de 1,67%. O indicador est\u00e1 no menor n\u00edvel desde 5 de agosto. As a\u00e7\u00f5es que mais ca\u00edram foram as de bancos privados, sob reflexo da manuten\u00e7\u00e3o da taxa Selic (juros b\u00e1sicos da economia) em 13,75% ao ano, e as da Petrobras.<\/p>\n<p>Ontem (7), o Banco Central n\u00e3o mexeu nos juros da economia, que est\u00e3o no n\u00edvel mais alto em cinco anos. No entanto, o comunicado do Comit\u00ea de Pol\u00edtica Monet\u00e1ria (Copom) indicou a possibilidade de a Selic permanecer alta por mais tempo por causa da \u201celevada incerteza sobre o futuro do arcabou\u00e7o fiscal do pa\u00eds e est\u00edmulos fiscais adicionais\u201d, em uma refer\u00eancia \u00e0 PEC da Transi\u00e7\u00e3o. Juros altos afastam os investidores da bolsa e estimulam aplica\u00e7\u00f5es em renda fixa.<\/p>\n<p>O d\u00f3lar comercial fechou o dia vendido a R$ 5,216, com alta de R$ 0,01 (+0,2%). A cota\u00e7\u00e3o teve um dia de idas e vindas, chegando a R$ 5,23 nos primeiros minutos de negocia\u00e7\u00e3o e caindo para R$ 5,19 algumas vezes ao longo do dia.<\/p>\n<p>Com o desempenho de hoje, a moeda norte-americana acumula alta de 0,27% em dezembro. Em 2022, a divisa cai 6,46%.<\/p>\n<p>Prevista para ser votada pela C\u00e2mara dos Deputados na pr\u00f3xima semana, a PEC da Transi\u00e7\u00e3o foi aprovada ontem \u00e0 noite em dois turnos pelo Senado com uma diminui\u00e7\u00e3o de R$ 30 bilh\u00f5es em rela\u00e7\u00e3o ao valor inicial. O montante de despesas fora do teto de gastos caiu de R$ 198 bilh\u00f5es para R$ 168 bilh\u00f5es, e o per\u00edodo de exce\u00e7\u00e3o caiu de quatro para dois anos.<\/p>\n<p>No exterior, os investidores est\u00e3o sob a expectativa da pr\u00f3xima reuni\u00e3o do Federal Reserve (Fed, Banco Central norte-americano), que ocorrer\u00e1 semana que vem. A divulga\u00e7\u00e3o da not\u00edcia de que os pedidos de seguro-desemprego voltaram a subir nos Estados Unidos aumentou as expectativas de que o Fed comece a desacelerar o aperto monet\u00e1rio, elevando as chances de o \u00f3rg\u00e3o elevar os juros b\u00e1sicos da maior economia do planeta em 0,5 ponto percentual, ap\u00f3s quatro altas seguidas de 0,75 ponto.<\/p>\n<p><span style=\"font-weight: 400;\"><br \/>\n<\/span><span style=\"font-weight: 400;\">Fonte: Ag\u00eancia Brasil <\/span><\/p>\n","protected":false},"excerpt":{"rendered":"<p>No dia seguinte \u00e0 aprova\u00e7\u00e3o da Proposta de Emenda \u00e0 Constitui\u00e7\u00e3o (PEC) da Transi\u00e7\u00e3o, a bolsa teve nova queda e atingiu o menor n\u00edvel desde agosto. A moeda norte-americana teve um dia est\u00e1vel, fechando em leve alta. O \u00edndice Ibovespa, da B3, fechou aos 107.249 pontos, com queda de 1,67%. O indicador est\u00e1 no menor [&hellip;]<\/p>\n","protected":false},"author":246,"featured_media":207603,"comment_status":"closed","ping_status":"closed","sticky":false,"template":"","format":"standard","meta":{"footnotes":""},"categories":[436,261,439],"tags":[],"class_list":["post-207602","post","type-post","status-publish","format-standard","has-post-thumbnail","hentry","category-destaque-da-semana","category-economia","category-ultima-hora"],"_links":{"self":[{"href":"https:\/\/diarioregionaldigital.com.br\/index.php?rest_route=\/wp\/v2\/posts\/207602","targetHints":{"allow":["GET"]}}],"collection":[{"href":"https:\/\/diarioregionaldigital.com.br\/index.php?rest_route=\/wp\/v2\/posts"}],"about":[{"href":"https:\/\/diarioregionaldigital.com.br\/index.php?rest_route=\/wp\/v2\/types\/post"}],"author":[{"embeddable":true,"href":"https:\/\/diarioregionaldigital.com.br\/index.php?rest_route=\/wp\/v2\/users\/246"}],"replies":[{"embeddable":true,"href":"https:\/\/diarioregionaldigital.com.br\/index.php?rest_route=%2Fwp%2Fv2%2Fcomments&post=207602"}],"version-history":[{"count":1,"href":"https:\/\/diarioregionaldigital.com.br\/index.php?rest_route=\/wp\/v2\/posts\/207602\/revisions"}],"predecessor-version":[{"id":207604,"href":"https:\/\/diarioregionaldigital.com.br\/index.php?rest_route=\/wp\/v2\/posts\/207602\/revisions\/207604"}],"wp:featuredmedia":[{"embeddable":true,"href":"https:\/\/diarioregionaldigital.com.br\/index.php?rest_route=\/wp\/v2\/media\/207603"}],"wp:attachment":[{"href":"https:\/\/diarioregionaldigital.com.br\/index.php?rest_route=%2Fwp%2Fv2%2Fmedia&parent=207602"}],"wp:term":[{"taxonomy":"category","embeddable":true,"href":"https:\/\/diarioregionaldigital.com.br\/index.php?rest_route=%2Fwp%2Fv2%2Fcategories&post=207602"},{"taxonomy":"post_tag","embeddable":true,"href":"https:\/\/diarioregionaldigital.com.br\/index.php?rest_route=%2Fwp%2Fv2%2Ftags&post=207602"}],"curies":[{"name":"wp","href":"https:\/\/api.w.org\/{rel}","templated":true}]}}