{"id":207597,"date":"2022-12-09T19:38:53","date_gmt":"2022-12-09T22:38:53","guid":{"rendered":"https:\/\/diarioregionaldigital.com.br\/?p=207597"},"modified":"2022-12-09T19:38:53","modified_gmt":"2022-12-09T22:38:53","slug":"auxilio-gas-sera-de-r-112-em-dezembro-informa-caixa","status":"publish","type":"post","link":"https:\/\/diarioregionaldigital.com.br\/?p=207597","title":{"rendered":"Aux\u00edlio G\u00e1s ser\u00e1 de R$ 112 em dezembro, informa Caixa"},"content":{"rendered":"<p>Cerca de 5,6 milh\u00f5es de fam\u00edlias receber\u00e3o R$ 112 de Aux\u00edlio G\u00e1s em dezembro, anunciou\u00a0hoje\u00a0(9) a Caixa Econ\u00f4mica Federal. A menos que o Congresso aprove a Proposta de Emenda \u00e0 Constitui\u00e7\u00e3o (PEC) da Transi\u00e7\u00e3o, o benef\u00edcio\u00a0ter\u00e1 o valor dobrado at\u00e9 este m\u00eas por causa da emenda constitucional que elevou benef\u00edcios sociais.<img decoding=\"async\" src=\"https:\/\/agenciabrasil.ebc.com.br\/ebc.png?id=1497804&amp;o=node\" \/><img decoding=\"async\" src=\"https:\/\/agenciabrasil.ebc.com.br\/ebc.gif?id=1497804&amp;o=node\" \/><\/p>\n<p>O pagamento ocorrer\u00e1 de 12 a\u00a023 de agosto, com base no d\u00edgito final do N\u00famero de Inscri\u00e7\u00e3o Social (NIS). As datas s\u00e3o as mesmas datas das parcelas do Aux\u00edlio Brasil, que teve o calend\u00e1rio de pagamento deste m\u00eas antecipado.<\/p>\n<p>Tradicionalmente, os dois benef\u00edcios s\u00e3o pagos nos \u00faltimos dez dias \u00fateis do m\u00eas, sendo que o Aux\u00edlio G\u00e1s \u00e9 bimestral, pago a cada dois meses.<\/p>\n<p>Com a emenda constitucional que elevou benef\u00edcios sociais, o Aux\u00edlio G\u00e1s teve o valor dobrado, equivalendo a 100% do valor m\u00e9dio do botij\u00e3o de 13 quilos nas parcelas\u00a0de agosto, outubro e dezembro. Em 2023, o benef\u00edcio voltar\u00e1 a valer metade do pre\u00e7o m\u00e9dio do botij\u00e3o.<\/p>\n<h2>C\u00e1lculo<\/h2>\n<p>Para calcular o benef\u00edcio, a Caixa Econ\u00f4mica Federal baseia-se nas pesquisas da Ag\u00eancia Nacional do Petr\u00f3leo, G\u00e1s Natural e Biocombust\u00edveis (ANP), que at\u00e9 o d\u00e9cimo dia \u00fatil de cada m\u00eas divulga o pre\u00e7o m\u00e9dio dos seis meses anteriores do botij\u00e3o de 13 quilos de g\u00e1s liquefeito de petr\u00f3leo (GLP). Dessa forma, a cada dois meses, o benef\u00edcio muda de valor.<\/p>\n<p>O Aux\u00edlio G\u00e1s totalizou R$ 52 em janeiro, R$ 51 em abril e R$ 53 em junho, quando equivalia a 50% do pre\u00e7o m\u00e9dio do botij\u00e3o. Tradicionalmente, o benef\u00edcio \u00e9 pago a cada dois meses, mas a parcela\u00a0de fevereiro\u00a0foi antecipada para janeiro. O aux\u00edlio totalizou R$ 110 em agosto e R$ 112 em outubro.<\/p>\n<h2>Dura\u00e7\u00e3o<\/h2>\n<p>Com dura\u00e7\u00e3o prevista de cinco anos, o programa beneficiar\u00e1 5,6 milh\u00f5es de fam\u00edlias, at\u00e9 o fim de 2026, com o pagamento de 50% do pre\u00e7o m\u00e9dio do botij\u00e3o de 13 quilos a cada dois meses (100% de agosto a dezembro). Para este ano, o Aux\u00edlio G\u00e1s tinha or\u00e7amento de R$ 1,9 bilh\u00e3o, mas a verba subiu para R$ 2,95 bilh\u00f5es com a emenda constitucional.<\/p>\n<p>S\u00f3 pode fazer parte do programa quem est\u00e1 inclu\u00eddo no Cadastro \u00danico para Programas Sociais do Governo Federal (Cad\u00danico) e tenha pelo menos um membro da fam\u00edlia que receba o Benef\u00edcio de Presta\u00e7\u00e3o Continuada (BPC). A lei que criou o programa definiu que a mulher respons\u00e1vel pela fam\u00edlia\u00a0ter\u00e1 prefer\u00eancia, assim como mulheres v\u00edtimas de viol\u00eancia\u00a0dom\u00e9stica.<\/p>\n<h2>Caixa Tem<\/h2>\n<p>O Aux\u00edlio G\u00e1s \u00e9 pago com os mesmos cart\u00f5es e as mesmas senhas do Aux\u00edlio Brasil, podendo ser sacado em lot\u00e9ricas, terminais de autoatendimento e correspondentes banc\u00e1rios Caixa Aqui. O benef\u00edcio tamb\u00e9m pode ser depositado nas contas poupan\u00e7a digitais, criadas para o pagamento do Aux\u00edlio Emergencial em 2020, e movimentado por meio do aplicativo Caixa Tem.<\/p>\n<p>O benefici\u00e1rio precisa ficar atento. Caso n\u00e3o saque o Aux\u00edlio G\u00e1s em 120 dias ap\u00f3s a data do pagamento, o dinheiro volta para a conta do governo. Quem tiver d\u00favidas sobre a situa\u00e7\u00e3o do benef\u00edcio pode fazer uma consulta nos aplicativos Caixa Tem e Aux\u00edlio Brasil ou ligar para a central de atendimento da Caixa, no n\u00famero 111. Caso tenha d\u00favidas sobre o cadastro ou sobre o pagamento, o cidad\u00e3o pode ligar para o Minist\u00e9rio da Cidadania, no telefone 121.<\/p>\n<p>Fonte: Ag\u00eancia Brasil<\/p>\n","protected":false},"excerpt":{"rendered":"<p>Cerca de 5,6 milh\u00f5es de fam\u00edlias receber\u00e3o R$ 112 de Aux\u00edlio G\u00e1s em dezembro, anunciou\u00a0hoje\u00a0(9) a Caixa Econ\u00f4mica Federal. A menos que o Congresso aprove a Proposta de Emenda \u00e0 Constitui\u00e7\u00e3o (PEC) da Transi\u00e7\u00e3o, o benef\u00edcio\u00a0ter\u00e1 o valor dobrado at\u00e9 este m\u00eas por causa da emenda constitucional que elevou benef\u00edcios sociais. O pagamento ocorrer\u00e1 de [&hellip;]<\/p>\n","protected":false},"author":246,"featured_media":207600,"comment_status":"closed","ping_status":"closed","sticky":false,"template":"","format":"standard","meta":{"footnotes":""},"categories":[436,440,261],"tags":[],"class_list":["post-207597","post","type-post","status-publish","format-standard","has-post-thumbnail","hentry","category-destaque-da-semana","category-destaques-do-dia","category-economia"],"_links":{"self":[{"href":"https:\/\/diarioregionaldigital.com.br\/index.php?rest_route=\/wp\/v2\/posts\/207597","targetHints":{"allow":["GET"]}}],"collection":[{"href":"https:\/\/diarioregionaldigital.com.br\/index.php?rest_route=\/wp\/v2\/posts"}],"about":[{"href":"https:\/\/diarioregionaldigital.com.br\/index.php?rest_route=\/wp\/v2\/types\/post"}],"author":[{"embeddable":true,"href":"https:\/\/diarioregionaldigital.com.br\/index.php?rest_route=\/wp\/v2\/users\/246"}],"replies":[{"embeddable":true,"href":"https:\/\/diarioregionaldigital.com.br\/index.php?rest_route=%2Fwp%2Fv2%2Fcomments&post=207597"}],"version-history":[{"count":1,"href":"https:\/\/diarioregionaldigital.com.br\/index.php?rest_route=\/wp\/v2\/posts\/207597\/revisions"}],"predecessor-version":[{"id":207601,"href":"https:\/\/diarioregionaldigital.com.br\/index.php?rest_route=\/wp\/v2\/posts\/207597\/revisions\/207601"}],"wp:featuredmedia":[{"embeddable":true,"href":"https:\/\/diarioregionaldigital.com.br\/index.php?rest_route=\/wp\/v2\/media\/207600"}],"wp:attachment":[{"href":"https:\/\/diarioregionaldigital.com.br\/index.php?rest_route=%2Fwp%2Fv2%2Fmedia&parent=207597"}],"wp:term":[{"taxonomy":"category","embeddable":true,"href":"https:\/\/diarioregionaldigital.com.br\/index.php?rest_route=%2Fwp%2Fv2%2Fcategories&post=207597"},{"taxonomy":"post_tag","embeddable":true,"href":"https:\/\/diarioregionaldigital.com.br\/index.php?rest_route=%2Fwp%2Fv2%2Ftags&post=207597"}],"curies":[{"name":"wp","href":"https:\/\/api.w.org\/{rel}","templated":true}]}}