{"id":207591,"date":"2022-12-09T06:00:31","date_gmt":"2022-12-09T09:00:31","guid":{"rendered":"https:\/\/diarioregionaldigital.com.br\/?p=207591"},"modified":"2022-12-08T23:02:21","modified_gmt":"2022-12-09T02:02:21","slug":"autenticidade","status":"publish","type":"post","link":"https:\/\/diarioregionaldigital.com.br\/?p=207591","title":{"rendered":"Autenticidade"},"content":{"rendered":"<p>\u201cPor\u00e9m, se vos parece mal aos vossos olhos servir ao Senhor, escolhei hoje a quem sirvais: se os deuses a quem serviram vossos pais, que estavam dal\u00e9m do rio, ou os deuses dos amorreus, em cuja terra habitais; por\u00e9m eu e a minha casa serviremos ao Senhor\u201d (Josu\u00e9 24: 15).<\/p>\n<p>O ser humano tem essa tend\u00eancia de se deixar influenciar. N\u00e3o s\u00e3o todas as pessoas, mas podemos considerar que a maioria tem essa inclina\u00e7\u00e3o de copiar o que os outros fazem ao inv\u00e9s de cultivar a liberdade que vem da autonomia.<\/p>\n<p>Tem gente que se disp\u00f5e a fazer qualquer coisa para obter a aceita\u00e7\u00e3o do grupo. Por exemplo, muitas pessoas se endividam para ostentar bens que n\u00e3o precisam, outras mutilam o pr\u00f3prio corpo, se perfurando, tatuando, enchendo de qu\u00edmica porque os outros fizeram o mesmo e ainda tem aqueles indiv\u00edduos que se sujeitam a usar subst\u00e2ncias que suspendem o ju\u00edzo, prejudicam o organismo e corroem seu car\u00e1ter. S\u00e3o tantas modas medonhas: vestimentas, dan\u00e7as, gestos, express\u00f5es verbais, \u2026<\/p>\n<p>E \u00e9 percept\u00edvel que essa tend\u00eancia \u00e9 mais forte entre os jovens. Alguns apenas passam por uma \u201cfase\u201d, mas outros, infelizmente, s\u00e3o tragados para o fundo do po\u00e7o na v\u00e3 tentativa de obter aceita\u00e7\u00e3o. Miseric\u00f3rdia!<\/p>\n<p>Tais pr\u00e1ticas n\u00e3o agradam a Deus que nos ensina a sermos s\u00f3brios, aut\u00eanticos e moderados em tudo. Os Crist\u00e3os d\u00e3o ouvidos e import\u00e2ncia \u00e0s orienta\u00e7\u00f5es de Deus, n\u00e3o do mundo.<\/p>\n<p>A frase do l\u00edder israelita Josu\u00e9 comunica uma mensagem muito importante sobre este assunto. Ele est\u00e1 dizendo provocativamente \u00e0quela pessoa que est\u00e1 enredada pelas modas que danificam o sujeito: decidam se querem servir \u00e0 moda, praticando o que as pessoas que caminham errantes praticam, pois dessa maneira n\u00e3o servir\u00e3o a Deus!<\/p>\n<p>Pois quem serve, faz o que mandam, n\u00e3o o que de fato quer. Ent\u00e3o, se o sujeito \u00e9 servo de Deus, n\u00e3o pode ser ao mesmo tempo escravo da moda.<\/p>\n<p>Ele est\u00e1 nos provocando: decidam se querem servir aos deuses deste mundo!!!<\/p>\n<p>Para em seguida ensinar atrav\u00e9s do exemplo, dizendo: pois eu e a minha casa, ou seja, minha esposa e meus filhos, n\u00e3o seremos escravos, mas serviremos a Deus!<\/p>\n<p>Afinal, ser aut\u00eantico \u00e9 seguir as pr\u00f3prias convic\u00e7\u00f5es, independente da opini\u00e3o dos outros.<\/p>\n<p>Fa\u00e7a como Josu\u00e9 e seja aut\u00eantico: siga a Deus, trazendo consigo a sua casa e, assim, voc\u00ea e seus mais queridos estar\u00e3o imunes aos usos e costumes que danificam, corrompem e destroem.<\/p>\n","protected":false},"excerpt":{"rendered":"<p>\u201cPor\u00e9m, se vos parece mal aos vossos olhos servir ao Senhor, escolhei hoje a quem sirvais: se os deuses a quem serviram vossos pais, que estavam dal\u00e9m do rio, ou os deuses dos amorreus, em cuja terra habitais; por\u00e9m eu e a minha casa serviremos ao Senhor\u201d (Josu\u00e9 24: 15). O ser humano tem essa [&hellip;]<\/p>\n","protected":false},"author":96,"featured_media":0,"comment_status":"closed","ping_status":"closed","sticky":false,"template":"","format":"standard","meta":{"footnotes":""},"categories":[1244],"tags":[],"class_list":["post-207591","post","type-post","status-publish","format-standard","hentry","category-oleg-abramov"],"_links":{"self":[{"href":"https:\/\/diarioregionaldigital.com.br\/index.php?rest_route=\/wp\/v2\/posts\/207591","targetHints":{"allow":["GET"]}}],"collection":[{"href":"https:\/\/diarioregionaldigital.com.br\/index.php?rest_route=\/wp\/v2\/posts"}],"about":[{"href":"https:\/\/diarioregionaldigital.com.br\/index.php?rest_route=\/wp\/v2\/types\/post"}],"author":[{"embeddable":true,"href":"https:\/\/diarioregionaldigital.com.br\/index.php?rest_route=\/wp\/v2\/users\/96"}],"replies":[{"embeddable":true,"href":"https:\/\/diarioregionaldigital.com.br\/index.php?rest_route=%2Fwp%2Fv2%2Fcomments&post=207591"}],"version-history":[{"count":1,"href":"https:\/\/diarioregionaldigital.com.br\/index.php?rest_route=\/wp\/v2\/posts\/207591\/revisions"}],"predecessor-version":[{"id":207592,"href":"https:\/\/diarioregionaldigital.com.br\/index.php?rest_route=\/wp\/v2\/posts\/207591\/revisions\/207592"}],"wp:attachment":[{"href":"https:\/\/diarioregionaldigital.com.br\/index.php?rest_route=%2Fwp%2Fv2%2Fmedia&parent=207591"}],"wp:term":[{"taxonomy":"category","embeddable":true,"href":"https:\/\/diarioregionaldigital.com.br\/index.php?rest_route=%2Fwp%2Fv2%2Fcategories&post=207591"},{"taxonomy":"post_tag","embeddable":true,"href":"https:\/\/diarioregionaldigital.com.br\/index.php?rest_route=%2Fwp%2Fv2%2Ftags&post=207591"}],"curies":[{"name":"wp","href":"https:\/\/api.w.org\/{rel}","templated":true}]}}