{"id":207589,"date":"2022-12-09T06:00:08","date_gmt":"2022-12-09T09:00:08","guid":{"rendered":"https:\/\/diarioregionaldigital.com.br\/?p=207589"},"modified":"2022-12-13T18:28:17","modified_gmt":"2022-12-13T21:28:17","slug":"associacao-atletica-vasco-da-gama-13-12-2022","status":"publish","type":"post","link":"https:\/\/diarioregionaldigital.com.br\/?p=207589","title":{"rendered":"Associa\u00e7\u00e3o Atl\u00e9tica Vasco da Gama &#8211; 13\/12\/2022"},"content":{"rendered":"<p style=\"text-align: center;\"><strong>ASSOCIA\u00c7\u00c3O ATL\u00c9TICA VASCO DA GAMA.<\/strong><\/p>\n<p style=\"text-align: center;\">CNPJ sob o n\u00ba 21.585.351\/0001-81.<\/p>\n<p style=\"text-align: center;\"><strong>EDITAL PARA CONVOCA\u00c7\u00c3O DA ASSEMBL\u00c9IA GERAL ORDIN\u00c1RIA.<\/strong><\/p>\n<p style=\"text-align: center;\">Prezados(as) Senhores(as)<\/p>\n<p style=\"text-align: center;\">A Presidente da Associa\u00e7\u00e3o Atl\u00e9tica Vasco da Gama, Sr.\u00aa Nely Regina Ribeiro de Moraes, no uso de suas atribui\u00e7\u00f5es e em respeito ao estatuto social, com vistas ao art. 20 e seguintes do referido texto, convoca a quem de interesse e direito para elei\u00e7\u00e3o do conselho deliberativo, presidente, vice-presidente e conselho fiscal ao tri\u00eanio 2023\/2026, bem como para aprova\u00e7\u00e3o da presta\u00e7\u00e3o de contas, que dar-se-\u00e3o em primeira chamada \u00e0s 19h com dois ter\u00e7os dos membros aptos e em segunda chamada as 19:15h com qualquer qu\u00f3rum, do dia 22\/12\/2022 na sede social situada nesta cidade \u00e0 Rua Bernardo Mascarenhas, n\u00b0: 552, F\u00e1brica,<\/p>\n<p style=\"text-align: center;\"><strong>Juiz de Fora, 07 de dezembro de 2022.<\/strong><\/p>\n<p style=\"text-align: center;\"><strong>Nely Regina Ribeiro de Moraes<\/strong><\/p>\n<p style=\"text-align: center;\"><strong>Presidente da Associa\u00e7\u00e3o Atl\u00e9tica Vasco da Gama<\/strong><\/p>\n","protected":false},"excerpt":{"rendered":"<p>ASSOCIA\u00c7\u00c3O ATL\u00c9TICA VASCO DA GAMA. CNPJ sob o n\u00ba 21.585.351\/0001-81. EDITAL PARA CONVOCA\u00c7\u00c3O DA ASSEMBL\u00c9IA GERAL ORDIN\u00c1RIA. Prezados(as) Senhores(as) A Presidente da Associa\u00e7\u00e3o Atl\u00e9tica Vasco da Gama, Sr.\u00aa Nely Regina Ribeiro de Moraes, no uso de suas atribui\u00e7\u00f5es e em respeito ao estatuto social, com vistas ao art. 20 e seguintes do referido texto, convoca [&hellip;]<\/p>\n","protected":false},"author":96,"featured_media":0,"comment_status":"closed","ping_status":"closed","sticky":false,"template":"","format":"standard","meta":{"footnotes":""},"categories":[307],"tags":[],"class_list":["post-207589","post","type-post","status-publish","format-standard","hentry","category-editais"],"_links":{"self":[{"href":"https:\/\/diarioregionaldigital.com.br\/index.php?rest_route=\/wp\/v2\/posts\/207589","targetHints":{"allow":["GET"]}}],"collection":[{"href":"https:\/\/diarioregionaldigital.com.br\/index.php?rest_route=\/wp\/v2\/posts"}],"about":[{"href":"https:\/\/diarioregionaldigital.com.br\/index.php?rest_route=\/wp\/v2\/types\/post"}],"author":[{"embeddable":true,"href":"https:\/\/diarioregionaldigital.com.br\/index.php?rest_route=\/wp\/v2\/users\/96"}],"replies":[{"embeddable":true,"href":"https:\/\/diarioregionaldigital.com.br\/index.php?rest_route=%2Fwp%2Fv2%2Fcomments&post=207589"}],"version-history":[{"count":2,"href":"https:\/\/diarioregionaldigital.com.br\/index.php?rest_route=\/wp\/v2\/posts\/207589\/revisions"}],"predecessor-version":[{"id":207718,"href":"https:\/\/diarioregionaldigital.com.br\/index.php?rest_route=\/wp\/v2\/posts\/207589\/revisions\/207718"}],"wp:attachment":[{"href":"https:\/\/diarioregionaldigital.com.br\/index.php?rest_route=%2Fwp%2Fv2%2Fmedia&parent=207589"}],"wp:term":[{"taxonomy":"category","embeddable":true,"href":"https:\/\/diarioregionaldigital.com.br\/index.php?rest_route=%2Fwp%2Fv2%2Fcategories&post=207589"},{"taxonomy":"post_tag","embeddable":true,"href":"https:\/\/diarioregionaldigital.com.br\/index.php?rest_route=%2Fwp%2Fv2%2Ftags&post=207589"}],"curies":[{"name":"wp","href":"https:\/\/api.w.org\/{rel}","templated":true}]}}