{"id":207586,"date":"2022-12-08T18:34:01","date_gmt":"2022-12-08T21:34:01","guid":{"rendered":"https:\/\/diarioregionaldigital.com.br\/?p=207586"},"modified":"2022-12-08T18:34:01","modified_gmt":"2022-12-08T21:34:01","slug":"jardim-de-ala-e-outros-11-bairros-recebem-operacao-tapa-buracos-nesta-quinta-feira-08","status":"publish","type":"post","link":"https:\/\/diarioregionaldigital.com.br\/?p=207586","title":{"rendered":"Jardim de Al\u00e1 e outros 11 bairros recebem opera\u00e7\u00e3o tapa-buracos nesta quinta-feira, 08"},"content":{"rendered":"<p>Segundo informa\u00e7\u00f5es do site da Prefeitura de Juiz de Fora (PJF), para aproveitar a estiagem nesta quinta-feira, 8, a opera\u00e7\u00e3o tapa-buracos da Prefeitura de Juiz de Fora (PJF) foi intensificada. Durante todo o dia, as equipes da PJF estiveram em 12 bairros com os servi\u00e7os de recomposi\u00e7\u00e3o asf\u00e1ltica.<\/p>\n<p>A Empresa Municipal de Pavimenta\u00e7\u00e3o e Urbanidades (Empav) esteve tamb\u00e9m no cruzamento entre as avenidas JK e Doutor Sime\u00e3o de Faria, realizando a recomposi\u00e7\u00e3o de uma valeta cujos servi\u00e7os foram executados no in\u00edcio de dezembro. Outro ponto da cidade que merece destaque \u00e9 a Avenida Sete de Setembro, no bairro Costa Carvalho, via de grande fluxo de ve\u00edculos que agora conta com um pavimento mais seguro e confort\u00e1vel.<\/p>\n<p><strong>Confira abaixo a lista completa de bairros atendidos nesta quinta-feira, 8:<\/strong><br \/>\nBom Clima<\/p>\n<p>Jardim de Al\u00e1<\/p>\n<p>Barreira do Triunfo<\/p>\n<p>Santa Cruz<\/p>\n<p>Nova Benfica<\/p>\n<p>Centro<\/p>\n<p>S\u00e3o Pedro<\/p>\n<p>Aeroporto<\/p>\n<p>Borboleta<\/p>\n<p>Santa Tereza<\/p>\n<p>JK<\/p>\n<p>S\u00e3o Pedro<\/p>\n<p>Os trabalhos seguem em andamento em v\u00e1rios pontos da cidade e a programa\u00e7\u00e3o completa das atividades realizadas pela Empav pode ser acompanhada diariamente atrav\u00e9s da p\u00e1gina do Gabinete de A\u00e7\u00e3o e Di\u00e1logo Comunit\u00e1rio, pelo link.<\/p>\n<p>Todas as a\u00e7\u00f5es de reestrutura\u00e7\u00e3o, urbaniza\u00e7\u00e3o e zeladoria realizadas pela Empresa Municipal de Pavimenta\u00e7\u00e3o e Urbanidades (Empav) fazem parte do Programa Boniteza. Estes e outros servi\u00e7os podem ser solicitados atrav\u00e9s do Gabinete de A\u00e7\u00e3o e Di\u00e1logo Comunit\u00e1rio, que recebe e organiza pedidos relativos a interven\u00e7\u00f5es e melhorias urbanas. O contato pode ser feito por liga\u00e7\u00e3o telef\u00f4nica, pelo n\u00famero (32) 3690-7241 ou, ainda, via WhatsApp, utilizando o mesmo n\u00famero.<\/p>\n","protected":false},"excerpt":{"rendered":"<p>Segundo informa\u00e7\u00f5es do site da Prefeitura de Juiz de Fora (PJF), para aproveitar a estiagem nesta quinta-feira, 8, a opera\u00e7\u00e3o tapa-buracos da Prefeitura de Juiz de Fora (PJF) foi intensificada. Durante todo o dia, as equipes da PJF estiveram em 12 bairros com os servi\u00e7os de recomposi\u00e7\u00e3o asf\u00e1ltica. A Empresa Municipal de Pavimenta\u00e7\u00e3o e Urbanidades [&hellip;]<\/p>\n","protected":false},"author":246,"featured_media":207587,"comment_status":"closed","ping_status":"closed","sticky":false,"template":"","format":"standard","meta":{"footnotes":""},"categories":[253,436,439],"tags":[],"class_list":["post-207586","post","type-post","status-publish","format-standard","has-post-thumbnail","hentry","category-cidade","category-destaque-da-semana","category-ultima-hora"],"_links":{"self":[{"href":"https:\/\/diarioregionaldigital.com.br\/index.php?rest_route=\/wp\/v2\/posts\/207586","targetHints":{"allow":["GET"]}}],"collection":[{"href":"https:\/\/diarioregionaldigital.com.br\/index.php?rest_route=\/wp\/v2\/posts"}],"about":[{"href":"https:\/\/diarioregionaldigital.com.br\/index.php?rest_route=\/wp\/v2\/types\/post"}],"author":[{"embeddable":true,"href":"https:\/\/diarioregionaldigital.com.br\/index.php?rest_route=\/wp\/v2\/users\/246"}],"replies":[{"embeddable":true,"href":"https:\/\/diarioregionaldigital.com.br\/index.php?rest_route=%2Fwp%2Fv2%2Fcomments&post=207586"}],"version-history":[{"count":1,"href":"https:\/\/diarioregionaldigital.com.br\/index.php?rest_route=\/wp\/v2\/posts\/207586\/revisions"}],"predecessor-version":[{"id":207588,"href":"https:\/\/diarioregionaldigital.com.br\/index.php?rest_route=\/wp\/v2\/posts\/207586\/revisions\/207588"}],"wp:featuredmedia":[{"embeddable":true,"href":"https:\/\/diarioregionaldigital.com.br\/index.php?rest_route=\/wp\/v2\/media\/207587"}],"wp:attachment":[{"href":"https:\/\/diarioregionaldigital.com.br\/index.php?rest_route=%2Fwp%2Fv2%2Fmedia&parent=207586"}],"wp:term":[{"taxonomy":"category","embeddable":true,"href":"https:\/\/diarioregionaldigital.com.br\/index.php?rest_route=%2Fwp%2Fv2%2Fcategories&post=207586"},{"taxonomy":"post_tag","embeddable":true,"href":"https:\/\/diarioregionaldigital.com.br\/index.php?rest_route=%2Fwp%2Fv2%2Ftags&post=207586"}],"curies":[{"name":"wp","href":"https:\/\/api.w.org\/{rel}","templated":true}]}}