{"id":207583,"date":"2022-12-08T18:32:19","date_gmt":"2022-12-08T21:32:19","guid":{"rendered":"https:\/\/diarioregionaldigital.com.br\/?p=207583"},"modified":"2022-12-08T18:32:19","modified_gmt":"2022-12-08T21:32:19","slug":"feiras-livres-desta-sexta-feira9-terao-mudancas-no-horario-de-funcionamento","status":"publish","type":"post","link":"https:\/\/diarioregionaldigital.com.br\/?p=207583","title":{"rendered":"Feiras livres desta sexta-feira,9, ter\u00e3o mudan\u00e7as no hor\u00e1rio de funcionamento"},"content":{"rendered":"<p>Segundo informa\u00e7\u00f5es do site da Prefeitura de Juiz de Fora (PJF), devido ao hor\u00e1rio do Jogo do Brasil na Copa do Mundo do Catar, as feiras livres que ocorrem nesta sexta-feira, 9, ter\u00e3o o hor\u00e1rio de funcionamento modificado. As feiras dos bairros J\u00f3quei Clube II, Nossa Senhora de Lourdes e Altos dos Passos funcionar\u00e3o das 7h \u00e0s 10h. J\u00e1 a Feira \u201c\u00c9 Daqui\u201d, que ocorre no Parque Halfeld, funcionar\u00e1 das 7h \u00e0s 11h.<\/p>\n<div id=\"box_texto_noticia\">\n<p>Confira na p\u00e1gina da Seapa o\u00a0<strong><a href=\"https:\/\/www.pjf.mg.gov.br\/secretarias\/seapa\/feira_livre\/index.php\">Mapa das Feiras Livres<\/a><\/strong>\u00a0que detalha os dias, hor\u00e1rios e endere\u00e7os.<\/p>\n<\/div>\n<p>&nbsp;<\/p>\n<div id=\"box_compartilhar\" align=\"right\"><\/div>\n","protected":false},"excerpt":{"rendered":"<p>Segundo informa\u00e7\u00f5es do site da Prefeitura de Juiz de Fora (PJF), devido ao hor\u00e1rio do Jogo do Brasil na Copa do Mundo do Catar, as feiras livres que ocorrem nesta sexta-feira, 9, ter\u00e3o o hor\u00e1rio de funcionamento modificado. As feiras dos bairros J\u00f3quei Clube II, Nossa Senhora de Lourdes e Altos dos Passos funcionar\u00e3o das [&hellip;]<\/p>\n","protected":false},"author":246,"featured_media":207584,"comment_status":"closed","ping_status":"closed","sticky":false,"template":"","format":"standard","meta":{"footnotes":""},"categories":[253,436,439],"tags":[],"class_list":["post-207583","post","type-post","status-publish","format-standard","has-post-thumbnail","hentry","category-cidade","category-destaque-da-semana","category-ultima-hora"],"_links":{"self":[{"href":"https:\/\/diarioregionaldigital.com.br\/index.php?rest_route=\/wp\/v2\/posts\/207583","targetHints":{"allow":["GET"]}}],"collection":[{"href":"https:\/\/diarioregionaldigital.com.br\/index.php?rest_route=\/wp\/v2\/posts"}],"about":[{"href":"https:\/\/diarioregionaldigital.com.br\/index.php?rest_route=\/wp\/v2\/types\/post"}],"author":[{"embeddable":true,"href":"https:\/\/diarioregionaldigital.com.br\/index.php?rest_route=\/wp\/v2\/users\/246"}],"replies":[{"embeddable":true,"href":"https:\/\/diarioregionaldigital.com.br\/index.php?rest_route=%2Fwp%2Fv2%2Fcomments&post=207583"}],"version-history":[{"count":1,"href":"https:\/\/diarioregionaldigital.com.br\/index.php?rest_route=\/wp\/v2\/posts\/207583\/revisions"}],"predecessor-version":[{"id":207585,"href":"https:\/\/diarioregionaldigital.com.br\/index.php?rest_route=\/wp\/v2\/posts\/207583\/revisions\/207585"}],"wp:featuredmedia":[{"embeddable":true,"href":"https:\/\/diarioregionaldigital.com.br\/index.php?rest_route=\/wp\/v2\/media\/207584"}],"wp:attachment":[{"href":"https:\/\/diarioregionaldigital.com.br\/index.php?rest_route=%2Fwp%2Fv2%2Fmedia&parent=207583"}],"wp:term":[{"taxonomy":"category","embeddable":true,"href":"https:\/\/diarioregionaldigital.com.br\/index.php?rest_route=%2Fwp%2Fv2%2Fcategories&post=207583"},{"taxonomy":"post_tag","embeddable":true,"href":"https:\/\/diarioregionaldigital.com.br\/index.php?rest_route=%2Fwp%2Fv2%2Ftags&post=207583"}],"curies":[{"name":"wp","href":"https:\/\/api.w.org\/{rel}","templated":true}]}}