{"id":207580,"date":"2022-12-08T18:31:01","date_gmt":"2022-12-08T21:31:01","guid":{"rendered":"https:\/\/diarioregionaldigital.com.br\/?p=207580"},"modified":"2022-12-08T18:31:01","modified_gmt":"2022-12-08T21:31:01","slug":"defesa-civil-apresenta-prognostico-das-chuvas-para-o-verao-de-2022-2023","status":"publish","type":"post","link":"https:\/\/diarioregionaldigital.com.br\/?p=207580","title":{"rendered":"Defesa Civil apresenta progn\u00f3stico das chuvas para o ver\u00e3o de 2022\/2023"},"content":{"rendered":"<p>Segundo informa\u00e7\u00f5es do site da Prefeitura de Juiz de Fora (PJF), nesta ter\u00e7a-feira, 6, a Defesa Civil da Prefeitura de Juiz de Fora (PJF) realizou reuni\u00e3o com integrantes do Plano de Conting\u00eancia para alinhar as estrat\u00e9gias para responder a poss\u00edveis situa\u00e7\u00f5es de emerg\u00eancia durante os meses de dezembro e janeiro, que costumam ser os mais intensos do per\u00edodo chuvoso.<\/p>\n<p>No encontro, foi apresentado o progn\u00f3stico clim\u00e1tico para os pr\u00f3ximos tr\u00eas meses. A tend\u00eancia, segundo o Instituto Nacional de Meteorologia (Inmet), \u00e9 que chova entre 800mm e 900 mm. \u201cA m\u00e9dia hist\u00f3rica para esse per\u00edodo \u00e9 de 778mm, ent\u00e3o o m\u00ednimo previsto j\u00e1 \u00e9 superior ao que costuma ocorrer\u201d, explica Eduardo Oliveira Santos, supervisor de Mapeamento e Monitoriza\u00e7\u00e3o de Riscos da Defesa Civil.<\/p>\n<p>O subsecret\u00e1rio de Prote\u00e7\u00e3o e Defesa Civil, Lu\u00eds Fernando Martins, ressalta que a reuni\u00e3o serviu para avaliar positivamente o empenho nas situa\u00e7\u00f5es de adversidade deste per\u00edodo chuvoso, refor\u00e7ar a import\u00e2ncia do planejamento e do trabalho integrado, al\u00e9m de compartilhar as tend\u00eancias do clima para os pr\u00f3ximos meses. \u201cEstamos nos aproximando do per\u00edodo historicamente mais cr\u00edtico de chuva em Juiz de Fora, o que exige uma aten\u00e7\u00e3o ainda maior para os integrantes do Plano de Conting\u00eancia. O trabalho est\u00e1 funcionando e prova disso \u00e9 a resposta r\u00e1pida do munic\u00edpio frente ao vendaval do final de setembro, \u00e0 chuva de granizo que atingiu Dias Tavares e Paula Lima em outubro e \u00e0 inunda\u00e7\u00e3o em Santa Luzia na \u00faltima semana. \u00c9 resultado do trabalho de preven\u00e7\u00e3o e planejamento realizado durante todo o ano\u201d, afirma. Entre setembro e novembro, Juiz de Fora registrou volume 27,5% maior do que era esperado para o m\u00eas.<\/p>\n<p>Para garantir efetividade nas a\u00e7\u00f5es de resposta a desastres, o Plano de Conting\u00eancia re\u00fane representantes de pastas da PJF e de outros \u00f3rg\u00e3os. O objetivo \u00e9 garantir planejamento para que o trabalho seja realizado em conjunto, com rapidez e organiza\u00e7\u00e3o. Na atual gest\u00e3o, ao ser incorporada \u00e0 Secretaria de Governo, a Defesa Civil ampliou as a\u00e7\u00f5es de preven\u00e7\u00e3o e a PJF priorizou as a\u00e7\u00f5es integradas para responder aos desastres.<\/p>\n<p>Participaram da reuni\u00e3o integrantes da Secretaria de Governo (SG) que comp\u00f5em a Defesa Civil e o Gabinete de A\u00e7\u00e3o e Di\u00e1logo Comunit\u00e1rio; Secretaria de Assist\u00eancia Social (SAS); Secretaria de Obras (SO); Secretaria de Comunica\u00e7\u00e3o Social (Secom); Departamento Municipal de Limpeza Urbana (Demlurb); Corpo de Bombeiros; Companhia de Saneamento Municipal (Cesama) e Companhia de G\u00e1s de Minas Gerais (Gasmig).<\/p>\n","protected":false},"excerpt":{"rendered":"<p>Segundo informa\u00e7\u00f5es do site da Prefeitura de Juiz de Fora (PJF), nesta ter\u00e7a-feira, 6, a Defesa Civil da Prefeitura de Juiz de Fora (PJF) realizou reuni\u00e3o com integrantes do Plano de Conting\u00eancia para alinhar as estrat\u00e9gias para responder a poss\u00edveis situa\u00e7\u00f5es de emerg\u00eancia durante os meses de dezembro e janeiro, que costumam ser os mais [&hellip;]<\/p>\n","protected":false},"author":246,"featured_media":207581,"comment_status":"closed","ping_status":"closed","sticky":false,"template":"","format":"standard","meta":{"footnotes":""},"categories":[253,436,439],"tags":[],"class_list":["post-207580","post","type-post","status-publish","format-standard","has-post-thumbnail","hentry","category-cidade","category-destaque-da-semana","category-ultima-hora"],"_links":{"self":[{"href":"https:\/\/diarioregionaldigital.com.br\/index.php?rest_route=\/wp\/v2\/posts\/207580","targetHints":{"allow":["GET"]}}],"collection":[{"href":"https:\/\/diarioregionaldigital.com.br\/index.php?rest_route=\/wp\/v2\/posts"}],"about":[{"href":"https:\/\/diarioregionaldigital.com.br\/index.php?rest_route=\/wp\/v2\/types\/post"}],"author":[{"embeddable":true,"href":"https:\/\/diarioregionaldigital.com.br\/index.php?rest_route=\/wp\/v2\/users\/246"}],"replies":[{"embeddable":true,"href":"https:\/\/diarioregionaldigital.com.br\/index.php?rest_route=%2Fwp%2Fv2%2Fcomments&post=207580"}],"version-history":[{"count":1,"href":"https:\/\/diarioregionaldigital.com.br\/index.php?rest_route=\/wp\/v2\/posts\/207580\/revisions"}],"predecessor-version":[{"id":207582,"href":"https:\/\/diarioregionaldigital.com.br\/index.php?rest_route=\/wp\/v2\/posts\/207580\/revisions\/207582"}],"wp:featuredmedia":[{"embeddable":true,"href":"https:\/\/diarioregionaldigital.com.br\/index.php?rest_route=\/wp\/v2\/media\/207581"}],"wp:attachment":[{"href":"https:\/\/diarioregionaldigital.com.br\/index.php?rest_route=%2Fwp%2Fv2%2Fmedia&parent=207580"}],"wp:term":[{"taxonomy":"category","embeddable":true,"href":"https:\/\/diarioregionaldigital.com.br\/index.php?rest_route=%2Fwp%2Fv2%2Fcategories&post=207580"},{"taxonomy":"post_tag","embeddable":true,"href":"https:\/\/diarioregionaldigital.com.br\/index.php?rest_route=%2Fwp%2Fv2%2Ftags&post=207580"}],"curies":[{"name":"wp","href":"https:\/\/api.w.org\/{rel}","templated":true}]}}