{"id":207574,"date":"2022-12-08T18:23:20","date_gmt":"2022-12-08T21:23:20","guid":{"rendered":"https:\/\/diarioregionaldigital.com.br\/?p=207574"},"modified":"2022-12-08T18:23:20","modified_gmt":"2022-12-08T21:23:20","slug":"emily-rosa-e-quinta-colocada-no-mundial-adulto-de-levantamento-de-peso","status":"publish","type":"post","link":"https:\/\/diarioregionaldigital.com.br\/?p=207574","title":{"rendered":"Emily Rosa \u00e9 quinta colocada no Mundial Adulto de levantamento de peso"},"content":{"rendered":"<p>Primeira brasileira a entrar em a\u00e7\u00e3o no Campeonato Mundial Adulto de Levantamento de Pesos, em Bogot\u00e1, a pesista Emily Rosa ficou no Top 5 de sua prova. Ela subiu \u00e0 plataforma pela categoria 45kg na noite desta segunda-feira (5.12), no Gran Carpa Am\u00e9ricas Corferias, na Col\u00f4mbia, e erguei 158kg no peso combinado. Com isso, terminou a disputa na quinta coloca\u00e7\u00e3o.<\/p>\n<p>Emily encontrou dificuldades nas duas primeiras tentativas do arranco, chegando a 71kg, apenas um acima da sua marca de entrada. No arremesso, voltou a queimar duas tentativas, ambas para 89kg, performando com 87kg no \u00faltimo intento. Uma marca tr\u00eas quilos abaixo daquela que seria a sua meta inicial.<\/p>\n<p>A medalhista de ouro foi Thunya Sukcharoen, de Taiwan, com 182kg combinados. A prata ficou com Sirivimon Pramongkhol, tamb\u00e9m de Taiwan, com 180kg. E o bronze foi para a Col\u00f4mbia, com Manuela Zaluaga e 170kg. Vale lembrar que a categoria 45kg n\u00e3o classifica aos Jogos Ol\u00edmpicos de Paris, em 2024.<\/p>\n<p>Nesta ter\u00e7a-feira (6), duas pesistas brasileiras sobem \u00e0 plataforma pela competi\u00e7\u00e3o que vale pontos na corrida ol\u00edmpica. Luiza Dias (49kg) entra em a\u00e7\u00e3o a partir das 16h (de Bras\u00edlia), com Nathasha Rosa (49kg) competindo a partir das 18h30.<\/p>\n<p>Fonte: Confedera\u00e7\u00e3o Brasileira de Levantamento de Peso<\/p>\n<p>&nbsp;<\/p>\n","protected":false},"excerpt":{"rendered":"<p>Primeira brasileira a entrar em a\u00e7\u00e3o no Campeonato Mundial Adulto de Levantamento de Pesos, em Bogot\u00e1, a pesista Emily Rosa ficou no Top 5 de sua prova. Ela subiu \u00e0 plataforma pela categoria 45kg na noite desta segunda-feira (5.12), no Gran Carpa Am\u00e9ricas Corferias, na Col\u00f4mbia, e erguei 158kg no peso combinado. Com isso, terminou [&hellip;]<\/p>\n","protected":false},"author":246,"featured_media":207575,"comment_status":"closed","ping_status":"closed","sticky":false,"template":"","format":"standard","meta":{"footnotes":""},"categories":[436,257,439],"tags":[],"class_list":["post-207574","post","type-post","status-publish","format-standard","has-post-thumbnail","hentry","category-destaque-da-semana","category-esporte","category-ultima-hora"],"_links":{"self":[{"href":"https:\/\/diarioregionaldigital.com.br\/index.php?rest_route=\/wp\/v2\/posts\/207574","targetHints":{"allow":["GET"]}}],"collection":[{"href":"https:\/\/diarioregionaldigital.com.br\/index.php?rest_route=\/wp\/v2\/posts"}],"about":[{"href":"https:\/\/diarioregionaldigital.com.br\/index.php?rest_route=\/wp\/v2\/types\/post"}],"author":[{"embeddable":true,"href":"https:\/\/diarioregionaldigital.com.br\/index.php?rest_route=\/wp\/v2\/users\/246"}],"replies":[{"embeddable":true,"href":"https:\/\/diarioregionaldigital.com.br\/index.php?rest_route=%2Fwp%2Fv2%2Fcomments&post=207574"}],"version-history":[{"count":1,"href":"https:\/\/diarioregionaldigital.com.br\/index.php?rest_route=\/wp\/v2\/posts\/207574\/revisions"}],"predecessor-version":[{"id":207576,"href":"https:\/\/diarioregionaldigital.com.br\/index.php?rest_route=\/wp\/v2\/posts\/207574\/revisions\/207576"}],"wp:featuredmedia":[{"embeddable":true,"href":"https:\/\/diarioregionaldigital.com.br\/index.php?rest_route=\/wp\/v2\/media\/207575"}],"wp:attachment":[{"href":"https:\/\/diarioregionaldigital.com.br\/index.php?rest_route=%2Fwp%2Fv2%2Fmedia&parent=207574"}],"wp:term":[{"taxonomy":"category","embeddable":true,"href":"https:\/\/diarioregionaldigital.com.br\/index.php?rest_route=%2Fwp%2Fv2%2Fcategories&post=207574"},{"taxonomy":"post_tag","embeddable":true,"href":"https:\/\/diarioregionaldigital.com.br\/index.php?rest_route=%2Fwp%2Fv2%2Ftags&post=207574"}],"curies":[{"name":"wp","href":"https:\/\/api.w.org\/{rel}","templated":true}]}}