{"id":207565,"date":"2022-12-08T18:11:26","date_gmt":"2022-12-08T21:11:26","guid":{"rendered":"https:\/\/diarioregionaldigital.com.br\/?p=207565"},"modified":"2022-12-08T18:11:26","modified_gmt":"2022-12-08T21:11:26","slug":"brittney-griner-e-solta-apos-troca-de-prisioneiros-entre-russia-e-eua","status":"publish","type":"post","link":"https:\/\/diarioregionaldigital.com.br\/?p=207565","title":{"rendered":"Brittney Griner \u00e9 solta ap\u00f3s troca de prisioneiros entre R\u00fassia e EUA"},"content":{"rendered":"<p>Quase dez meses ap\u00f3s ter sido presa na R\u00fassia por porte ilegal de drogas (\u00f3leo de\u00a0<em>cannabis<\/em>), a bicampe\u00e3 ol\u00edmpica de basquete Brittney Griner foi solta nesta quinta-feira (17), de acordo com publica\u00e7\u00e3o do presidente dos Estados Unidos Joe Biden no Twitter oficial da Casa Branca. Segundo ele, a liberta\u00e7\u00e3o da estrela da WNBA \u00a0foi poss\u00edvel ap\u00f3s troca in\u00e9dita de prisioneiros: o governo norte-americano libertou o ex-integrante do ex\u00e9rcito russo Vikor Bout, preso h\u00e1 10 anos no pa\u00eds, condenado por tr\u00e1fico de armas. A troca dos prisioneiros teria ocorrido no aeroporto de Abu Dhabi, nos Emirados \u00c1rabes Unidos, que ajudaram nas negocia\u00e7\u00f5es. \u00a0<img decoding=\"async\" src=\"https:\/\/agenciabrasil.ebc.com.br\/ebc.png?id=1497577&amp;o=node\" \/><img decoding=\"async\" src=\"https:\/\/agenciabrasil.ebc.com.br\/ebc.gif?id=1497577&amp;o=node\" \/><\/p>\n<blockquote><p>\u201cEla est\u00e1 segura, est\u00e1 no avi\u00e3o a caminho de casa\u201d, afirmou Joe Biden na rede social, depois de conversar com Griner ao telefone, ao lado de Cherelle Griner, esposa da atleta.<\/p>\n<p>A jogadora, de 32 anos, foi detida em 17 de fevereiro deste ano no aeroporto Sheremetyevo, em Moscou,\u00a0 com cartuchos de vaporizador com \u00f3leo de\u00a0<em>cannabis\u00a0<\/em>na bagagem. \u00a0A\u00a0subst\u00e2ncia \u00e9 considerada ilegal na R\u00fassia para fins medicinais e recreativos. A deten\u00e7\u00e3o de Griner ocorreu logo ap\u00f3s a invas\u00e3o militar russa na Ucr\u00e2nia. Em agosto a atleta foi condenada a nove anos de pris\u00e3o, e teve recurso contra a senten\u00e7a\u00a0negado em outubro.<\/p>\n<p>Uma hora ap\u00f3s o an\u00fancio na rede social, Joe Biden fez\u00a0<a href=\"https:\/\/twitter.com\/POTUS\/status\/1600847417980526593\">pronunciamento na Casa Branca\u00a0<\/a>sobre a liberta\u00e7\u00e3o de Griner.<\/p>\n<blockquote><p>\u00a0&#8220;Ela est\u00e1 segura, est\u00e1 em um avi\u00e3o, est\u00e1 voltando para casa depois de meses sendo detida injustamente na R\u00fassia, mantida sob circunst\u00e2ncias intoler\u00e1veis. Este \u00e9 um dia pelo qual trabalhamos h\u00e1 muito tempo. Nunca paramos de pressionar por sua liberta\u00e7\u00e3o&#8221;, revelou .<\/p><\/blockquote>\n<p>A presidente da Associa\u00e7\u00e3o Norte-Americana de Basquete Feminino (WNBA, sigla em ingl\u00eas),\u00a0Cathy Engelbert, tamb\u00e9m publicou\u00a0<a href=\"https:\/\/www.wnba.com\/news\/wnba-statement-regarding-brittney-griner\/\">nota oficial\u00a0<\/a>no site da entidade saldando a liberta\u00e7\u00e3o da bicampe\u00e3 ol\u00edmpica.<\/p>\n<p><em>\u201cN\u00e3o houve um dia nos \u00faltimos dez meses em que todos n\u00f3s n\u00e3o tiv\u00e9ssemos Brittney Griner em nossas mentes e em nossos cora\u00e7\u00f5es e isso agora se transformou em uma onda coletiva de alegria e al\u00edvio sabendo que ela logo se reunir\u00e1 com ela. fam\u00edlia, a comunidade de jogadores da WNBA e seus amigos. BG demonstrou coragem e dignidade extraordin\u00e1rias diante de enormes adversidades. A WNBA agradece imensamente ao governo Biden, ao enviado especial do presidente para assuntos de ref\u00e9ns e a todos aqueles que contribu\u00edram para trazer BG para casa hoje. Nossa esperan\u00e7a \u00e9 que Paul Whelan e todos os americanos detidos injustamente voltem para casa com seguran\u00e7a e o mais r\u00e1pido poss\u00edvel\u201d.<br \/>\n<\/em><\/p><\/blockquote>\n<p>Fonte: Ag\u00eancia Brasil<\/p>\n","protected":false},"excerpt":{"rendered":"<p>Quase dez meses ap\u00f3s ter sido presa na R\u00fassia por porte ilegal de drogas (\u00f3leo de\u00a0cannabis), a bicampe\u00e3 ol\u00edmpica de basquete Brittney Griner foi solta nesta quinta-feira (17), de acordo com publica\u00e7\u00e3o do presidente dos Estados Unidos Joe Biden no Twitter oficial da Casa Branca. Segundo ele, a liberta\u00e7\u00e3o da estrela da WNBA \u00a0foi poss\u00edvel [&hellip;]<\/p>\n","protected":false},"author":246,"featured_media":207566,"comment_status":"closed","ping_status":"closed","sticky":false,"template":"","format":"standard","meta":{"footnotes":""},"categories":[436,440,257,439],"tags":[],"class_list":["post-207565","post","type-post","status-publish","format-standard","has-post-thumbnail","hentry","category-destaque-da-semana","category-destaques-do-dia","category-esporte","category-ultima-hora"],"_links":{"self":[{"href":"https:\/\/diarioregionaldigital.com.br\/index.php?rest_route=\/wp\/v2\/posts\/207565","targetHints":{"allow":["GET"]}}],"collection":[{"href":"https:\/\/diarioregionaldigital.com.br\/index.php?rest_route=\/wp\/v2\/posts"}],"about":[{"href":"https:\/\/diarioregionaldigital.com.br\/index.php?rest_route=\/wp\/v2\/types\/post"}],"author":[{"embeddable":true,"href":"https:\/\/diarioregionaldigital.com.br\/index.php?rest_route=\/wp\/v2\/users\/246"}],"replies":[{"embeddable":true,"href":"https:\/\/diarioregionaldigital.com.br\/index.php?rest_route=%2Fwp%2Fv2%2Fcomments&post=207565"}],"version-history":[{"count":1,"href":"https:\/\/diarioregionaldigital.com.br\/index.php?rest_route=\/wp\/v2\/posts\/207565\/revisions"}],"predecessor-version":[{"id":207567,"href":"https:\/\/diarioregionaldigital.com.br\/index.php?rest_route=\/wp\/v2\/posts\/207565\/revisions\/207567"}],"wp:featuredmedia":[{"embeddable":true,"href":"https:\/\/diarioregionaldigital.com.br\/index.php?rest_route=\/wp\/v2\/media\/207566"}],"wp:attachment":[{"href":"https:\/\/diarioregionaldigital.com.br\/index.php?rest_route=%2Fwp%2Fv2%2Fmedia&parent=207565"}],"wp:term":[{"taxonomy":"category","embeddable":true,"href":"https:\/\/diarioregionaldigital.com.br\/index.php?rest_route=%2Fwp%2Fv2%2Fcategories&post=207565"},{"taxonomy":"post_tag","embeddable":true,"href":"https:\/\/diarioregionaldigital.com.br\/index.php?rest_route=%2Fwp%2Fv2%2Ftags&post=207565"}],"curies":[{"name":"wp","href":"https:\/\/api.w.org\/{rel}","templated":true}]}}