{"id":207560,"date":"2022-12-08T18:05:18","date_gmt":"2022-12-08T21:05:18","guid":{"rendered":"https:\/\/diarioregionaldigital.com.br\/?p=207560"},"modified":"2022-12-08T18:05:18","modified_gmt":"2022-12-08T21:05:18","slug":"senado-aprova-mp-que-trata-da-extracao-de-minerios-nucleares","status":"publish","type":"post","link":"https:\/\/diarioregionaldigital.com.br\/?p=207560","title":{"rendered":"Senado aprova MP que trata da extra\u00e7\u00e3o de min\u00e9rios nucleares"},"content":{"rendered":"<p>O Senado aprovou hoje (7) a Medida Provis\u00f3ria 1.133\/2022, que permite o investimento privado na atividade de extra\u00e7\u00e3o de min\u00e9rios nucleares no pa\u00eds. At\u00e9 ent\u00e3o essa era uma atribui\u00e7\u00e3o exclusiva da Ind\u00fastrias Nucleares do Brasil S.A. (INB), empresa p\u00fablica fundada em 1988 e vinculada ao Minist\u00e9rio das Minas e Energia. O texto vai a san\u00e7\u00e3o presidencial.<img decoding=\"async\" src=\"https:\/\/agenciabrasil.ebc.com.br\/ebc.png?id=1497421&amp;o=node\" \/><img decoding=\"async\" src=\"https:\/\/agenciabrasil.ebc.com.br\/ebc.gif?id=1497421&amp;o=node\" \/><\/p>\n<p>A MP foi editada pelo governo para dinamizar a atividade e, segundo ele, prover maior seguran\u00e7a jur\u00eddica a essas atividades. O governo entende que a MP fortalece a regula\u00e7\u00e3o, a seguran\u00e7a nuclear, prote\u00e7\u00e3o ao meio ambiente e \u00e0 popula\u00e7\u00e3o.<\/p>\n<p>O texto tamb\u00e9m altera o plano de cargos e sal\u00e1rios da Ag\u00eancia Nacional de Minera\u00e7\u00e3o (ANM), tamb\u00e9m tratada no texto e demarca limites de atua\u00e7\u00e3o da ag\u00eancia, com rela\u00e7\u00e3o a min\u00e9rios nucleares no pa\u00eds. \u201cEssa demarca\u00e7\u00e3o \u00e9 oportuna, na medida em que reduz inseguran\u00e7as jur\u00eddicas potenciais no trato das quest\u00f5es envolvidas pelos insumos e produtos de natureza nuclear\u201d, disse o relator da mat\u00e9ria, Vandelan Cardoso (PSD-GO)<\/p>\n<p>O relator alega que o reajuste salarial dos servidores previsto no seu relat\u00f3rio se d\u00e1 por uma atualiza\u00e7\u00e3o necess\u00e1ria para viabilizar a contrata\u00e7\u00e3o de novos profissionais. \u201cEstamos corrigindo essas distor\u00e7\u00f5es que v\u00eam de muitos e muitos anos na ag\u00eancia. Para ser hoje gerente da ANM em um estado ningu\u00e9m vai querer com um sal\u00e1rio de 8 mil e poucos reais, com a qualifica\u00e7\u00e3o que exige, cuidando da quest\u00e3o mineral e nuclear\u201d<\/p>\n<p>Cardoso diz que a MP n\u00e3o tira nenhuma atribui\u00e7\u00e3o do governo federal com rela\u00e7\u00e3o ao controle da quest\u00e3o nuclear. \u201cEst\u00e1 simplesmente abrindo para empresas particulares participarem tamb\u00e9m [da atividade]. Hoje s\u00f3 o governo federal que det\u00e9m. Pod\u00edamos estar exportando muito mais ur\u00e2nio do que se j\u00e1 tivesse regulamentado essa quest\u00e3o\u201d.<\/p>\n<p>A vota\u00e7\u00e3o da MP foi encerrada ap\u00f3s a conclus\u00e3o da vota\u00e7\u00e3o, em dois turnos, da PEC da Transi\u00e7\u00e3o. O presidente do Senado, Rodrigo Pacheco (PSD\/MG) tamb\u00e9m votou, no final da sess\u00e3o, um projeto de resolu\u00e7\u00e3o que autoriza o estado do Rio de Janeiro a contratar uma opera\u00e7\u00e3o de cr\u00e9dito externo no valor de at\u00e9 US$ 135,23 milh\u00f5es \u00a0para financiamento de projeto de desenvolvimento sustent\u00e1vel, que segue para promulga\u00e7\u00e3o, e um projeto de lei de autoria da C\u00e2mara que regulamenta a profiss\u00e3o de instrumentador cir\u00fargico, que vai san\u00e7\u00e3o.<\/p>\n<p><span style=\"font-weight: 400;\"><br \/>\n<\/span><span style=\"font-weight: 400;\">Fonte: Ag\u00eancia Brasil <\/span><\/p>\n","protected":false},"excerpt":{"rendered":"<p>O Senado aprovou hoje (7) a Medida Provis\u00f3ria 1.133\/2022, que permite o investimento privado na atividade de extra\u00e7\u00e3o de min\u00e9rios nucleares no pa\u00eds. At\u00e9 ent\u00e3o essa era uma atribui\u00e7\u00e3o exclusiva da Ind\u00fastrias Nucleares do Brasil S.A. (INB), empresa p\u00fablica fundada em 1988 e vinculada ao Minist\u00e9rio das Minas e Energia. O texto vai a san\u00e7\u00e3o [&hellip;]<\/p>\n","protected":false},"author":246,"featured_media":207561,"comment_status":"closed","ping_status":"closed","sticky":false,"template":"","format":"standard","meta":{"footnotes":""},"categories":[436,254,439],"tags":[],"class_list":["post-207560","post","type-post","status-publish","format-standard","has-post-thumbnail","hentry","category-destaque-da-semana","category-politica","category-ultima-hora"],"_links":{"self":[{"href":"https:\/\/diarioregionaldigital.com.br\/index.php?rest_route=\/wp\/v2\/posts\/207560","targetHints":{"allow":["GET"]}}],"collection":[{"href":"https:\/\/diarioregionaldigital.com.br\/index.php?rest_route=\/wp\/v2\/posts"}],"about":[{"href":"https:\/\/diarioregionaldigital.com.br\/index.php?rest_route=\/wp\/v2\/types\/post"}],"author":[{"embeddable":true,"href":"https:\/\/diarioregionaldigital.com.br\/index.php?rest_route=\/wp\/v2\/users\/246"}],"replies":[{"embeddable":true,"href":"https:\/\/diarioregionaldigital.com.br\/index.php?rest_route=%2Fwp%2Fv2%2Fcomments&post=207560"}],"version-history":[{"count":1,"href":"https:\/\/diarioregionaldigital.com.br\/index.php?rest_route=\/wp\/v2\/posts\/207560\/revisions"}],"predecessor-version":[{"id":207562,"href":"https:\/\/diarioregionaldigital.com.br\/index.php?rest_route=\/wp\/v2\/posts\/207560\/revisions\/207562"}],"wp:featuredmedia":[{"embeddable":true,"href":"https:\/\/diarioregionaldigital.com.br\/index.php?rest_route=\/wp\/v2\/media\/207561"}],"wp:attachment":[{"href":"https:\/\/diarioregionaldigital.com.br\/index.php?rest_route=%2Fwp%2Fv2%2Fmedia&parent=207560"}],"wp:term":[{"taxonomy":"category","embeddable":true,"href":"https:\/\/diarioregionaldigital.com.br\/index.php?rest_route=%2Fwp%2Fv2%2Fcategories&post=207560"},{"taxonomy":"post_tag","embeddable":true,"href":"https:\/\/diarioregionaldigital.com.br\/index.php?rest_route=%2Fwp%2Fv2%2Ftags&post=207560"}],"curies":[{"name":"wp","href":"https:\/\/api.w.org\/{rel}","templated":true}]}}