{"id":207557,"date":"2022-12-08T18:03:49","date_gmt":"2022-12-08T21:03:49","guid":{"rendered":"https:\/\/diarioregionaldigital.com.br\/?p=207557"},"modified":"2022-12-08T18:03:49","modified_gmt":"2022-12-08T21:03:49","slug":"senadores-aprovam-relatorio-sobre-impactos-da-pandemia-na-educacao","status":"publish","type":"post","link":"https:\/\/diarioregionaldigital.com.br\/?p=207557","title":{"rendered":"Senadores aprovam relat\u00f3rio sobre impactos da pandemia na educa\u00e7\u00e3o"},"content":{"rendered":"<p>No Senado, a Subcomiss\u00e3o Tempor\u00e1ria para Acompanhamento da Educa\u00e7\u00e3o na Pandemia aprovou, nesta\u00a0quinta-feira (8), o relat\u00f3rio do\u00a0senador Fl\u00e1vio Arns (Podemos-PR).\u00a0O colegiado foi criado em 2021\u00a0para avaliar e monitorar os impactos da covid-19\u00a0na educa\u00e7\u00e3o e ainda propor recomenda\u00e7\u00f5es para recuperar os sistemas de ensino impactados pelo per\u00edodo.\u00a0<img decoding=\"async\" src=\"https:\/\/agenciabrasil.ebc.com.br\/ebc.png?id=1497495&amp;o=node\" \/><img decoding=\"async\" src=\"https:\/\/agenciabrasil.ebc.com.br\/ebc.gif?id=1497495&amp;o=node\" \/><\/p>\n<p>O\u00a0texto,\u00a0com 240 p\u00e1ginas, traz 30 recomenda\u00e7\u00f5es constru\u00eddas a partir de\u00a020 audi\u00eancias p\u00fablicas, realizadas ao longo de mais de um ano com a participa\u00e7\u00e3o de representantes do governo e de institui\u00e7\u00f5es p\u00fablicas e privadas ligadas \u00e0 educa\u00e7\u00e3o, al\u00e9m de professores, economistas, trabalhadores e membros de entidades organizadas da sociedade civil.<\/p>\n<p>Entre as principais sugest\u00f5es. a de\u00a0que\u00a0os minist\u00e9rios da Educa\u00e7\u00e3o e da Economia recomponham o or\u00e7amento da educa\u00e7\u00e3o b\u00e1sica, que sofreu cortes nos \u00faltimos anos.\u00a0O documento tamb\u00e9m recomenda o apoio a programas que possibilitem a melhoria na infraestrutura e na conectividade das escolas, al\u00e9m da aprova\u00e7\u00e3o de projetos de lei pelo Congresso Nacional.<\/p>\n<p>Outra recomenda\u00e7\u00e3o feita \u00e9 o\u00a0apoio a\u00a0redes estaduais, municipais e do Distrito Federal na ado\u00e7\u00e3o de metodologias de\u00a0programas desenvolvidos pelo Fundo das Na\u00e7\u00f5es Unidas para a Inf\u00e2ncia (Unicef) &#8211; Busca Ativa Escolar, Trajet\u00f3rias de Sucesso Escolar e Educa\u00e7\u00e3o que Protege &#8211;\u00a0como forma de trazer crian\u00e7as e adolescentes de volta \u00e0s escolas.<\/p>\n<p>Tamb\u00e9m est\u00e1 no rol de sugest\u00f5es a cria\u00e7\u00e3o de um\u00a0banco de dados de acesso p\u00fablico para mapear e compartilhar\u00a0experi\u00eancias de pol\u00edticas p\u00fablicas educacionais exitosas, especialmente aquelas relativas \u00e0 implanta\u00e7\u00e3o da educa\u00e7\u00e3o em tempo integral, recomposi\u00e7\u00e3o de aprendizagem, busca ativa e combate \u00e0 evas\u00e3o escolar.<\/p>\n<h2>Transi\u00e7\u00e3o<\/h2>\n<p>Ainda\u00a0na tarde desta\u00a0quinta-feira,\u00a0Arns e senadores do colegiado\u00a0v\u00e3o entregar\u00a0o documento\u00a0ao presidente do Senado, senador Rodrigo Pacheco (PSD-MG), e aos\u00a0membros da equipe respons\u00e1vel pela \u00e1rea da educa\u00e7\u00e3o no governo de transi\u00e7\u00e3o.<\/p>\n<p>\u201cAs recomenda\u00e7\u00f5es s\u00e3o a contribui\u00e7\u00e3o que o Senado d\u00e1 \u00e0 educa\u00e7\u00e3o brasileira, considerando todas as dificuldades e sugest\u00f5es que foram apontadas ao longo de quase dois anos de debates com diversos segmentos da \u00e1rea. Esperamos que o documento ajude a equipe de transi\u00e7\u00e3o no planejamento de a\u00e7\u00f5es necess\u00e1rias para a recupera\u00e7\u00e3o dos severos preju\u00edzos que a educa\u00e7\u00e3o brasileira sofreu nos \u00faltimos anos\u201d, disse Arns.<\/p>\n<p><span style=\"font-weight: 400;\">Fonte: Ag\u00eancia Brasil <\/span><\/p>\n","protected":false},"excerpt":{"rendered":"<p>No Senado, a Subcomiss\u00e3o Tempor\u00e1ria para Acompanhamento da Educa\u00e7\u00e3o na Pandemia aprovou, nesta\u00a0quinta-feira (8), o relat\u00f3rio do\u00a0senador Fl\u00e1vio Arns (Podemos-PR).\u00a0O colegiado foi criado em 2021\u00a0para avaliar e monitorar os impactos da covid-19\u00a0na educa\u00e7\u00e3o e ainda propor recomenda\u00e7\u00f5es para recuperar os sistemas de ensino impactados pelo per\u00edodo.\u00a0 O\u00a0texto,\u00a0com 240 p\u00e1ginas, traz 30 recomenda\u00e7\u00f5es constru\u00eddas a partir [&hellip;]<\/p>\n","protected":false},"author":246,"featured_media":207558,"comment_status":"closed","ping_status":"closed","sticky":false,"template":"","format":"standard","meta":{"footnotes":""},"categories":[436,254,439],"tags":[],"class_list":["post-207557","post","type-post","status-publish","format-standard","has-post-thumbnail","hentry","category-destaque-da-semana","category-politica","category-ultima-hora"],"_links":{"self":[{"href":"https:\/\/diarioregionaldigital.com.br\/index.php?rest_route=\/wp\/v2\/posts\/207557","targetHints":{"allow":["GET"]}}],"collection":[{"href":"https:\/\/diarioregionaldigital.com.br\/index.php?rest_route=\/wp\/v2\/posts"}],"about":[{"href":"https:\/\/diarioregionaldigital.com.br\/index.php?rest_route=\/wp\/v2\/types\/post"}],"author":[{"embeddable":true,"href":"https:\/\/diarioregionaldigital.com.br\/index.php?rest_route=\/wp\/v2\/users\/246"}],"replies":[{"embeddable":true,"href":"https:\/\/diarioregionaldigital.com.br\/index.php?rest_route=%2Fwp%2Fv2%2Fcomments&post=207557"}],"version-history":[{"count":1,"href":"https:\/\/diarioregionaldigital.com.br\/index.php?rest_route=\/wp\/v2\/posts\/207557\/revisions"}],"predecessor-version":[{"id":207559,"href":"https:\/\/diarioregionaldigital.com.br\/index.php?rest_route=\/wp\/v2\/posts\/207557\/revisions\/207559"}],"wp:featuredmedia":[{"embeddable":true,"href":"https:\/\/diarioregionaldigital.com.br\/index.php?rest_route=\/wp\/v2\/media\/207558"}],"wp:attachment":[{"href":"https:\/\/diarioregionaldigital.com.br\/index.php?rest_route=%2Fwp%2Fv2%2Fmedia&parent=207557"}],"wp:term":[{"taxonomy":"category","embeddable":true,"href":"https:\/\/diarioregionaldigital.com.br\/index.php?rest_route=%2Fwp%2Fv2%2Fcategories&post=207557"},{"taxonomy":"post_tag","embeddable":true,"href":"https:\/\/diarioregionaldigital.com.br\/index.php?rest_route=%2Fwp%2Fv2%2Ftags&post=207557"}],"curies":[{"name":"wp","href":"https:\/\/api.w.org\/{rel}","templated":true}]}}