{"id":207554,"date":"2022-12-08T18:01:59","date_gmt":"2022-12-08T21:01:59","guid":{"rendered":"https:\/\/diarioregionaldigital.com.br\/?p=207554"},"modified":"2022-12-08T18:01:59","modified_gmt":"2022-12-08T21:01:59","slug":"consumidor-de-energia-pagara-conta-de-r-500-bilhoes-nos-proximos-anos","status":"publish","type":"post","link":"https:\/\/diarioregionaldigital.com.br\/?p=207554","title":{"rendered":"Consumidor de energia pagar\u00e1 conta de R$ 500 bilh\u00f5es nos pr\u00f3ximos anos"},"content":{"rendered":"<p>A conta dos consumidores de energia el\u00e9trica tem impacto de R$ 500 bilh\u00f5es, a serem pagos nos pr\u00f3ximos anos. Segundo levantamento do grupo t\u00e9cnico de Minas e Energia da equipe de transi\u00e7\u00e3o, esta ser\u00e1 a \u201cheran\u00e7a\u201d deixada por uma s\u00e9rie de a\u00e7\u00f5es adotadas pelo atual governo.<img decoding=\"async\" src=\"https:\/\/agenciabrasil.ebc.com.br\/ebc.png?id=1497518&amp;o=node\" \/><img decoding=\"async\" src=\"https:\/\/agenciabrasil.ebc.com.br\/ebc.gif?id=1497518&amp;o=node\" \/><\/p>\n<p>De acordo com o coordenador executivo do grupo, Mauricio Tolmasquim, o principal impacto \u00e9 uma das consequ\u00eancias da privatiza\u00e7\u00e3o da Eletrobras, com um custo de R$ 368 bilh\u00f5es nas contas. Uma das emendas inseridas pelos parlamentares no projeto que aprovou a venda da estatal no Congresso obriga o governo a\u00a0<a href=\"https:\/\/agenciabrasil.ebc.com.br\/politica\/noticia\/2022-05\/setor-eletrico-quer-revogar-obrigacao-de-se-instalar-termeletricas\" target=\"_blank\" rel=\"noopener\">comprar energia de termel\u00e9tricas a g\u00e1s natural\u00a0<\/a>nas regi\u00f5es Nordeste, Norte, Centro-Oeste e Sudeste a partir de 2026. \u201cLugares distantes onde n\u00e3o h\u00e1 g\u00e1s natural\u201d, alertou Tolmasquim, durante entrevista coletiva no Centro Cultural Banco do Brasil (CCBB), em Bras\u00edlia.<\/p>\n<p>Tamb\u00e9m aumentaram o rombo na Conta-Covid, um empr\u00e9stimo feito ao setor el\u00e9trico durante a pandemia de covid-19 no valor de R$ 23 bilh\u00f5es; a Conta Escassez-H\u00eddrica, novo empr\u00e9stimo de R$ 6,6 bilh\u00f5es feito ao setor el\u00e9trico para cobrir preju\u00edzos com a crise energ\u00e9tica de 2021; a contrata\u00e7\u00e3o emergencial de usinas termel\u00e9tricas, realizada em outubro do ano passado pelo governo, no valor de R$ 39 bilh\u00f5es; e a obriga\u00e7\u00e3o de reserva de mercado com a contrata\u00e7\u00e3o de Pequenas Centras Hidrel\u00e9tricas (PCHs) nos leil\u00f5es de energia, de R$ 55 bilh\u00f5es, mais uma exig\u00eancia feita pelo Congresso no projeto de privatiza\u00e7\u00e3o da Eletrobras.<\/p>\n<p>Segundo Tolmasquim, isso ter\u00e1 que ser pago pelos consumidores durante esse per\u00edodo do governo que se inicia, mas por outros governos tamb\u00e9m. \u201cHoje temos um fen\u00f4meno que o custo da gera\u00e7\u00e3o de energia el\u00e9trica \u00e9 muito barato, nossas fontes s\u00e3o baratas, temos bons recursos naturais, mas a tarifa que o consumidor paga \u00e9 exorbitante, uma das mais caras do mundo. Agora vem mais press\u00e3o sobre a tarifa e temos que agir para resolver isso\u201d, disse.<\/p>\n<p>A equipe de transi\u00e7\u00e3o far\u00e1 sugest\u00f5es ao novo ministro de Minas e Energia para reduzir esses valores, como a rescis\u00e3o dos contratos emergenciais com as usinas termel\u00e9tricas e a revis\u00e3o, junto ao Congresso, da obriga\u00e7\u00e3o de instalar esse tipo de usina em lugares distantes, longe do suprimento de g\u00e1s e do centro de consumo. \u201cN\u00e3o aceitamos isso como prato feito. Existe espa\u00e7o para negocia\u00e7\u00e3o, a\u00e7\u00f5es para reduzir esse custo e o consumidor n\u00e3o ser impactado enormemente\u201d, destacou.<\/p>\n<p>Ele citou ainda a escalada da\u00a0<a href=\"https:\/\/agenciabrasil.ebc.com.br\/economia\/noticia\/2022-11\/usuarios-de-energia-ja-pagaram-r-258-bilhoes-em-subsidios-neste-ano\" target=\"_blank\" rel=\"noopener\">cria\u00e7\u00e3o de subs\u00eddios<\/a>\u00a0no setor, como para a energia fotovoltaica, \u201cuma fonte altamente competitiva\u201d. Nesta semana, a C\u00e2mara dos Deputados\u00a0<a href=\"https:\/\/agenciabrasil.ebc.com.br\/politica\/noticia\/2022-12\/camara-aprova-prorrogacao-de-subsidios-para-centrais-hidreletricas\" target=\"_blank\" rel=\"noopener\">aprovou a prorroga\u00e7\u00e3o<\/a>, por mais seis meses, do prazo final para instala\u00e7\u00e3o de microgeradores e minigeradores de energia fotovoltaica com isen\u00e7\u00e3o de taxas pelo uso da rede de distribui\u00e7\u00e3o para jogar a energia el\u00e9trica na rede. A isen\u00e7\u00e3o vai at\u00e9 2045.<\/p>\n<p>Para Tomalquim, esse tipo de a\u00e7\u00e3o \u00e9 resultado da \u201comiss\u00e3o completa do governo de formular pol\u00edticas p\u00fablicas para o setor\u201d, o que levou, por exemplo, \u00e0 privatiza\u00e7\u00e3o da Eletrobras. \u201cNenhum pa\u00eds do mundo fez isso, que \u00e9 vender usina hidrel\u00e9trica amortizada, que n\u00e3o gera nenhum centavo na economia, e coloca um poder absurdo em grupo privado\u201d, disse.<\/p>\n<p>Segundo ele, a expans\u00e3o do setor deve passar pela vis\u00e3o de transi\u00e7\u00e3o energ\u00e9tica, por fontes como solar e e\u00f3lica, mas \u00e9 preciso pensar na seguran\u00e7a energ\u00e9tica e capacidade de fornecimento no futuro, que passa pela energia h\u00eddrica, atua\u00e7\u00e3o central da Eletrobras.<\/p>\n<p>Da mesma forma, a inten\u00e7\u00e3o do pr\u00f3ximo governo \u00e9 expandir a capacidade de refino da Petrobras e reduzir a depend\u00eancia do combust\u00edvel importado e do impacto da taxa de c\u00e2mbio sobre o valor do produto comercializado aos brasileiros. \u201cSempre olhando essa vis\u00e3o de transi\u00e7\u00e3o energ\u00e9tica que a Petrobras tem responsabilidade, como todas as petrol\u00edferas t\u00eam, com a quest\u00e3o clim\u00e1tica. N\u00e3o quer dizer que deixar\u00e1 de ter rentabilidade\u201d, disse, explicando que parte dos lucros podem ser investidos em outros setores que tamb\u00e9m trazem receita para o pa\u00eds.<\/p>\n<p>Al\u00e9m de quest\u00f5es no setor el\u00e9trico, o grupo citou problemas ligados ao funcionamento do Estado, do sucateamento de ag\u00eancias reguladoras e empresas, incluindo a Petrobras, ao incentivo \u00e0 minera\u00e7\u00e3o ilegal.<\/p>\n<p><span style=\"font-weight: 400;\">Fonte: Ag\u00eancia Brasil <\/span><\/p>\n","protected":false},"excerpt":{"rendered":"<p>A conta dos consumidores de energia el\u00e9trica tem impacto de R$ 500 bilh\u00f5es, a serem pagos nos pr\u00f3ximos anos. Segundo levantamento do grupo t\u00e9cnico de Minas e Energia da equipe de transi\u00e7\u00e3o, esta ser\u00e1 a \u201cheran\u00e7a\u201d deixada por uma s\u00e9rie de a\u00e7\u00f5es adotadas pelo atual governo. De acordo com o coordenador executivo do grupo, Mauricio [&hellip;]<\/p>\n","protected":false},"author":246,"featured_media":207555,"comment_status":"closed","ping_status":"closed","sticky":false,"template":"","format":"standard","meta":{"footnotes":""},"categories":[436,254,439],"tags":[],"class_list":["post-207554","post","type-post","status-publish","format-standard","has-post-thumbnail","hentry","category-destaque-da-semana","category-politica","category-ultima-hora"],"_links":{"self":[{"href":"https:\/\/diarioregionaldigital.com.br\/index.php?rest_route=\/wp\/v2\/posts\/207554","targetHints":{"allow":["GET"]}}],"collection":[{"href":"https:\/\/diarioregionaldigital.com.br\/index.php?rest_route=\/wp\/v2\/posts"}],"about":[{"href":"https:\/\/diarioregionaldigital.com.br\/index.php?rest_route=\/wp\/v2\/types\/post"}],"author":[{"embeddable":true,"href":"https:\/\/diarioregionaldigital.com.br\/index.php?rest_route=\/wp\/v2\/users\/246"}],"replies":[{"embeddable":true,"href":"https:\/\/diarioregionaldigital.com.br\/index.php?rest_route=%2Fwp%2Fv2%2Fcomments&post=207554"}],"version-history":[{"count":1,"href":"https:\/\/diarioregionaldigital.com.br\/index.php?rest_route=\/wp\/v2\/posts\/207554\/revisions"}],"predecessor-version":[{"id":207556,"href":"https:\/\/diarioregionaldigital.com.br\/index.php?rest_route=\/wp\/v2\/posts\/207554\/revisions\/207556"}],"wp:featuredmedia":[{"embeddable":true,"href":"https:\/\/diarioregionaldigital.com.br\/index.php?rest_route=\/wp\/v2\/media\/207555"}],"wp:attachment":[{"href":"https:\/\/diarioregionaldigital.com.br\/index.php?rest_route=%2Fwp%2Fv2%2Fmedia&parent=207554"}],"wp:term":[{"taxonomy":"category","embeddable":true,"href":"https:\/\/diarioregionaldigital.com.br\/index.php?rest_route=%2Fwp%2Fv2%2Fcategories&post=207554"},{"taxonomy":"post_tag","embeddable":true,"href":"https:\/\/diarioregionaldigital.com.br\/index.php?rest_route=%2Fwp%2Fv2%2Ftags&post=207554"}],"curies":[{"name":"wp","href":"https:\/\/api.w.org\/{rel}","templated":true}]}}