{"id":207542,"date":"2022-12-08T17:50:59","date_gmt":"2022-12-08T20:50:59","guid":{"rendered":"https:\/\/diarioregionaldigital.com.br\/?p=207542"},"modified":"2022-12-08T17:50:59","modified_gmt":"2022-12-08T20:50:59","slug":"inss-divulga-calendario-de-pagamentos-para-aposentados-e-pensionistas","status":"publish","type":"post","link":"https:\/\/diarioregionaldigital.com.br\/?p=207542","title":{"rendered":"INSS divulga calend\u00e1rio de pagamentos para aposentados e pensionistas"},"content":{"rendered":"<p>O Instituto Nacional do Seguro Social (INSS) divulgou hoje (8), em Bras\u00edlia, o calend\u00e1rio de pagamento de 2023. Mais de 37 milh\u00f5es de aposentados e pensionistas recebem benef\u00edcios do \u00f3rg\u00e3o.<img decoding=\"async\" src=\"https:\/\/agenciabrasil.ebc.com.br\/ebc.png?id=1497508&amp;o=node\" \/><img decoding=\"async\" src=\"https:\/\/agenciabrasil.ebc.com.br\/ebc.gif?id=1497508&amp;o=node\" \/><\/p>\n<p>Para quem recebe um sal\u00e1rio m\u00ednimo, os dep\u00f3sitos referentes a janeiro ser\u00e3o feitos entre os dias 25 de janeiro e 7 de fevereiro. Segurados com renda mensal acima do piso nacional ter\u00e3o seus pagamentos creditados a partir de 1\u00ba de fevereiro.<\/p>\n<div class=\"dnd-widget-wrapper context-cheio_8colunas type-image\">\n<div class=\"dnd-atom-rendered\">\n<div class=\"shadow overflow-hidden rounded-lg d-block zoom-on-hover-sm shadow-hover w-100\"><img decoding=\"async\" class=\"flex-fill img-cover\" title=\"INSS\" src=\"https:\/\/imagens.ebc.com.br\/qqjFOwSUIhnOa2TRZbY72St6vkA=\/754x0\/smart\/https:\/\/agenciabrasil.ebc.com.br\/sites\/default\/files\/thumbnails\/image\/08.12.2022_calendriopagamentodebenefcios20231.jpg?itok=_CYxt1d3\" alt=\"INSS Calendario pagamento aposentados\" \/><\/div>\n<\/div>\n<div class=\"dnd-caption-wrapper\">\n<div class=\"meta\">Calend\u00e1rio de pagamento\/ aposentados &#8211;\u00a0<strong>INSS<\/strong><\/div>\n<\/div>\n<\/div>\n<p>Os valores j\u00e1 ser\u00e3o pagos com o reajuste do sal\u00e1rio m\u00ednimo, que ainda n\u00e3o foi definido para o ano que vem.<\/p>\n<p>Para saber quando o pagamento ser\u00e1 depositado, basta ver o n\u00famero final do cart\u00e3o de benef\u00edcio, sem considerar o \u00faltimo d\u00edgito verificador, que aparece depois do tra\u00e7o. Segundo o INSS, para aqueles que recebem seu benef\u00edcio h\u00e1 algum tempo, vale a data habitual.<\/p>\n<p><span style=\"font-weight: 400;\">Fonte: Ag\u00eancia Brasil <\/span><\/p>\n","protected":false},"excerpt":{"rendered":"<p>O Instituto Nacional do Seguro Social (INSS) divulgou hoje (8), em Bras\u00edlia, o calend\u00e1rio de pagamento de 2023. Mais de 37 milh\u00f5es de aposentados e pensionistas recebem benef\u00edcios do \u00f3rg\u00e3o. Para quem recebe um sal\u00e1rio m\u00ednimo, os dep\u00f3sitos referentes a janeiro ser\u00e3o feitos entre os dias 25 de janeiro e 7 de fevereiro. Segurados com [&hellip;]<\/p>\n","protected":false},"author":246,"featured_media":207543,"comment_status":"closed","ping_status":"closed","sticky":false,"template":"","format":"standard","meta":{"footnotes":""},"categories":[436,261,439],"tags":[],"class_list":["post-207542","post","type-post","status-publish","format-standard","has-post-thumbnail","hentry","category-destaque-da-semana","category-economia","category-ultima-hora"],"_links":{"self":[{"href":"https:\/\/diarioregionaldigital.com.br\/index.php?rest_route=\/wp\/v2\/posts\/207542","targetHints":{"allow":["GET"]}}],"collection":[{"href":"https:\/\/diarioregionaldigital.com.br\/index.php?rest_route=\/wp\/v2\/posts"}],"about":[{"href":"https:\/\/diarioregionaldigital.com.br\/index.php?rest_route=\/wp\/v2\/types\/post"}],"author":[{"embeddable":true,"href":"https:\/\/diarioregionaldigital.com.br\/index.php?rest_route=\/wp\/v2\/users\/246"}],"replies":[{"embeddable":true,"href":"https:\/\/diarioregionaldigital.com.br\/index.php?rest_route=%2Fwp%2Fv2%2Fcomments&post=207542"}],"version-history":[{"count":1,"href":"https:\/\/diarioregionaldigital.com.br\/index.php?rest_route=\/wp\/v2\/posts\/207542\/revisions"}],"predecessor-version":[{"id":207544,"href":"https:\/\/diarioregionaldigital.com.br\/index.php?rest_route=\/wp\/v2\/posts\/207542\/revisions\/207544"}],"wp:featuredmedia":[{"embeddable":true,"href":"https:\/\/diarioregionaldigital.com.br\/index.php?rest_route=\/wp\/v2\/media\/207543"}],"wp:attachment":[{"href":"https:\/\/diarioregionaldigital.com.br\/index.php?rest_route=%2Fwp%2Fv2%2Fmedia&parent=207542"}],"wp:term":[{"taxonomy":"category","embeddable":true,"href":"https:\/\/diarioregionaldigital.com.br\/index.php?rest_route=%2Fwp%2Fv2%2Fcategories&post=207542"},{"taxonomy":"post_tag","embeddable":true,"href":"https:\/\/diarioregionaldigital.com.br\/index.php?rest_route=%2Fwp%2Fv2%2Ftags&post=207542"}],"curies":[{"name":"wp","href":"https:\/\/api.w.org\/{rel}","templated":true}]}}