{"id":207539,"date":"2022-12-08T17:49:33","date_gmt":"2022-12-08T20:49:33","guid":{"rendered":"https:\/\/diarioregionaldigital.com.br\/?p=207539"},"modified":"2022-12-08T17:49:33","modified_gmt":"2022-12-08T20:49:33","slug":"consumo-nos-lares-cresce-302-ate-outubro","status":"publish","type":"post","link":"https:\/\/diarioregionaldigital.com.br\/?p=207539","title":{"rendered":"Consumo nos lares cresce 3,02% at\u00e9 outubro"},"content":{"rendered":"<p>O Consumo nos Lares Brasileiros, medido pela Associa\u00e7\u00e3o Brasileira de Supermercados (Abras), encerrou o m\u00eas de outubro com alta de 6,27% ante setembro. No ano, o consumo nos lares acumula alta de 3,02%, sendo a maior alta do consumo no ano, aproximando o indicador do crescimento acumulado durante todo o ano passado, de 3,04%. Na compara\u00e7\u00e3o com outubro de 2021, o \u00edndice apresentou alta de 8,10%.<img decoding=\"async\" src=\"https:\/\/agenciabrasil.ebc.com.br\/ebc.png?id=1497536&amp;o=node\" \/><img decoding=\"async\" src=\"https:\/\/agenciabrasil.ebc.com.br\/ebc.gif?id=1497536&amp;o=node\" \/><\/p>\n<p>O resultado contempla os formatos de loja atacarejo, supermercado convencional, loja de vizinhan\u00e7a, hipermercado, minimercado e\u00a0<em>e-commerce<\/em>. Todos os indicadores s\u00e3o deflacionados pelo \u00cdndice Nacional de Pre\u00e7os ao Consumidor Amplo (IPCA), medido pelo Instituto Brasileiro de Geografia e Estat\u00edstica (IBGE).<\/p>\n<p>Segundo a Abras, o pagamento antecipado de benef\u00edcios sociais para a segunda e terceira semanas de outubro contribuiu para o aumento do consumo. A antecipa\u00e7\u00e3o beneficiou 21,13 milh\u00f5es de fam\u00edlias com o repasse de R$ 12,8 bilh\u00f5es.<\/p>\n<p>\u201c\u00c9 not\u00e1vel o quanto o aumento no valor do Aux\u00edlio Brasil e a inclus\u00e3o constante de benefici\u00e1rios em condi\u00e7\u00f5es de vulnerabilidade social expandiram o consumo de alimentos neste segundo semestre e, de forma mais expressiva, em outubro\u201d, disse o vice-presidente Institucional da Abras, Marcio Milan.<\/p>\n<p>De acordo com os dados da Abras, o valor da cesta composta exclusivamente por alimentos registrou queda de 0,98%. Entre os produtos que apresentaram recuo nos pre\u00e7os est\u00e3o leite longa vida (6,28%), feij\u00e3o (3.39%), \u00f3leo de soja (0,94%), caf\u00e9 mo\u00eddo (0,44%), carne bovina &#8211; traseiro (0,41%), a\u00e7\u00facar (0.35%), queijo (0,17%). A queda ocorreu em todas as cinco regi\u00f5es do pa\u00eds. Na m\u00e9dia nacional, o pre\u00e7o da cesta passou R$ 319,57 em outubro para R$ 316,45 em novembro.<\/p>\n<p>J\u00e1 a cesta com 35 produtos de largo consumo (alimentos, bebidas, carnes, produtos de limpeza, itens de higiene e beleza) apresentou alta de 0,42%, puxada por tomate (17,79%), cebola (13,79%), batata (8,99%) e farinha de mandioca (5,69%). Na categoria de higiene e beleza, os produtos com maior varia\u00e7\u00e3o nos pre\u00e7os foram sabonete (0,92%), xampu (1,05%), creme dental (0,56%) e papel higi\u00eanico (0,68%). Na cesta de limpeza, as altas foram puxadas por sab\u00e3o em p\u00f3 (2,32%), detergente l\u00edquido para lou\u00e7as (0,42%) e desinfetante (0,41%).<\/p>\n<p>Com a varia\u00e7\u00e3o registrada em novembro, o pre\u00e7o m\u00e9dio da cesta nacional passou de R$ 743,75 em outubro para R$ 746,85 em novembro. No acumulado em 12 meses, a alta \u00e9 de 6,47%.<\/p>\n<p>Na an\u00e1lise regional, a menor varia\u00e7\u00e3o foi registrada na regi\u00e3o Sul, de menos 0,46%, seguida por Centro-Oeste (0,08%), Nordeste (0,26%), Sudeste (0,61%) e Norte (0,76%).<\/p>\n<p><span style=\"font-weight: 400;\">Fonte: Ag\u00eancia Brasil <\/span><\/p>\n","protected":false},"excerpt":{"rendered":"<p>O Consumo nos Lares Brasileiros, medido pela Associa\u00e7\u00e3o Brasileira de Supermercados (Abras), encerrou o m\u00eas de outubro com alta de 6,27% ante setembro. No ano, o consumo nos lares acumula alta de 3,02%, sendo a maior alta do consumo no ano, aproximando o indicador do crescimento acumulado durante todo o ano passado, de 3,04%. Na [&hellip;]<\/p>\n","protected":false},"author":246,"featured_media":207540,"comment_status":"closed","ping_status":"closed","sticky":false,"template":"","format":"standard","meta":{"footnotes":""},"categories":[436,440,261,439],"tags":[],"class_list":["post-207539","post","type-post","status-publish","format-standard","has-post-thumbnail","hentry","category-destaque-da-semana","category-destaques-do-dia","category-economia","category-ultima-hora"],"_links":{"self":[{"href":"https:\/\/diarioregionaldigital.com.br\/index.php?rest_route=\/wp\/v2\/posts\/207539","targetHints":{"allow":["GET"]}}],"collection":[{"href":"https:\/\/diarioregionaldigital.com.br\/index.php?rest_route=\/wp\/v2\/posts"}],"about":[{"href":"https:\/\/diarioregionaldigital.com.br\/index.php?rest_route=\/wp\/v2\/types\/post"}],"author":[{"embeddable":true,"href":"https:\/\/diarioregionaldigital.com.br\/index.php?rest_route=\/wp\/v2\/users\/246"}],"replies":[{"embeddable":true,"href":"https:\/\/diarioregionaldigital.com.br\/index.php?rest_route=%2Fwp%2Fv2%2Fcomments&post=207539"}],"version-history":[{"count":1,"href":"https:\/\/diarioregionaldigital.com.br\/index.php?rest_route=\/wp\/v2\/posts\/207539\/revisions"}],"predecessor-version":[{"id":207541,"href":"https:\/\/diarioregionaldigital.com.br\/index.php?rest_route=\/wp\/v2\/posts\/207539\/revisions\/207541"}],"wp:featuredmedia":[{"embeddable":true,"href":"https:\/\/diarioregionaldigital.com.br\/index.php?rest_route=\/wp\/v2\/media\/207540"}],"wp:attachment":[{"href":"https:\/\/diarioregionaldigital.com.br\/index.php?rest_route=%2Fwp%2Fv2%2Fmedia&parent=207539"}],"wp:term":[{"taxonomy":"category","embeddable":true,"href":"https:\/\/diarioregionaldigital.com.br\/index.php?rest_route=%2Fwp%2Fv2%2Fcategories&post=207539"},{"taxonomy":"post_tag","embeddable":true,"href":"https:\/\/diarioregionaldigital.com.br\/index.php?rest_route=%2Fwp%2Fv2%2Ftags&post=207539"}],"curies":[{"name":"wp","href":"https:\/\/api.w.org\/{rel}","templated":true}]}}