{"id":207534,"date":"2022-12-07T23:59:35","date_gmt":"2022-12-08T02:59:35","guid":{"rendered":"https:\/\/diarioregionaldigital.com.br\/?p=207534"},"modified":"2022-12-08T00:01:04","modified_gmt":"2022-12-08T03:01:04","slug":"palavras-comovem-testemunhos-arrastam-08-12-2022","status":"publish","type":"post","link":"https:\/\/diarioregionaldigital.com.br\/?p=207534","title":{"rendered":"Palavras Comovem Testemunhos Arrastam &#8211; 08\/12\/2022"},"content":{"rendered":"<p>Meu caro leitor \u00e9 com alegria que novamente estamos chegando at\u00e9 voc\u00ea para mais uma edi\u00e7\u00e3o de palavras comovem mas testemunhos arrastam. Bem sei de sua expectativa para ler os testemunhos aqui apresentados. Hoje teremos dois belos testemunhos vamos ao primeiro:<\/p>\n<p>Testemunho para o dia 7 de dezembro: Bom dia Padre Erelis<\/p>\n<p>Pe\u00e7o\u00a0 sua ora\u00e7\u00e3o e b\u00ean\u00e7\u00e3os\u00a0 para uma grande amiga minha. Ela sofreu AVC .<\/p>\n<p>Dese j\u00e1 grade\u00e7o\u00a0 muito a sua ajuda em ora\u00e7\u00f5es<\/p>\n<p>ela mora em Quatro Pontes no Paran\u00e1.<\/p>\n<p>Testemunho para o dia 7 de dezembro: Bom dia Padre Erelis<\/p>\n<p>Hoje venho agradecer sua ora\u00e7\u00e3o ela est\u00e1 come\u00e7ando a falar e pe\u00e7o novamente que continue rezando por\u00a0 ela. Falei com ela e a fam\u00edlia dela que as suas ora\u00e7\u00f5es s\u00e3o poderosas que o Senhor\u00a0 \u00e9 devoto de S\u00e3o Judas Tadeu, Santo das causas imposs\u00edveis.<\/p>\n<p>Testemunho para dia 7 de dezembro: Padre Eirelis recebi esse v\u00eddeo que o esposo dela enviou , fiquei feliz e esperan\u00e7osa\u00a0 ela est\u00e1 em casa come\u00e7ando a andar,\u00a0 sei que Deus est\u00e1\u00a0 cuidando dela.\u00a0 Vamos ao segundo testemunho:<\/p>\n<p>Boa tarde grupo s\u00e3o Judas Tadeu\u00a0 gostaria de agradecer a todos que rezaram para meu pai que estava internado\u00a0 esperando uma vaga para fazer a cirurgia. Gra\u00e7as as ora\u00e7\u00f5es de vcs e a intercessao de S\u00e3o\u00a0 Judas\u00a0 Tadeu junto a Deus meu pai fez cirurgia ontem e est\u00e1 de alta hoje meu muito obrigado S\u00e3o judas Tadeu aben\u00e7oe todos n\u00f3s<\/p>\n<p>Vejam como Deus age na\u00a0 vida das pessoas.<\/p>\n<p>Convido vc para participar da missa\u00a0 de S\u00e3o Judas Tadeu das causas imposs\u00edveis clamando a miseric\u00f3rdia de Jesus por sa\u00fade e liberta\u00e7\u00e3o toda \u00faltima\u00a0 quarta feira \u00e0s 19h na Rua D.Pedro ll n\u00famero 109\u00a0 bairro Mariano Proc\u00f3pio e do ter\u00e7o todos os dias\u00a0 \u00e0s 12; 15h; \u00e0s\u00a0 20e30h; \u00e0s 22h pelo youtube e Facebook do santu\u00e1rio virtual sao Judas Tadeu. svsaojudastadeu.com; \u00e0s 06h ; \u00e0s 10 e 23h pelo watzap; Deixo o n\u00famero do meu celular para me ligarem quando precisar de uma ora\u00e7\u00e3o 988652609 se eu n\u00e3o atender na hora eu retornarei assim que eu ver a liga\u00e7\u00e3o.<\/p>\n","protected":false},"excerpt":{"rendered":"<p>Meu caro leitor \u00e9 com alegria que novamente estamos chegando at\u00e9 voc\u00ea para mais uma edi\u00e7\u00e3o de palavras comovem mas testemunhos arrastam. Bem sei de sua expectativa para ler os testemunhos aqui apresentados. Hoje teremos dois belos testemunhos vamos ao primeiro: Testemunho para o dia 7 de dezembro: Bom dia Padre Erelis Pe\u00e7o\u00a0 sua ora\u00e7\u00e3o [&hellip;]<\/p>\n","protected":false},"author":96,"featured_media":0,"comment_status":"closed","ping_status":"closed","sticky":false,"template":"","format":"standard","meta":{"footnotes":""},"categories":[1245],"tags":[],"class_list":["post-207534","post","type-post","status-publish","format-standard","hentry","category-padre-erelis"],"_links":{"self":[{"href":"https:\/\/diarioregionaldigital.com.br\/index.php?rest_route=\/wp\/v2\/posts\/207534","targetHints":{"allow":["GET"]}}],"collection":[{"href":"https:\/\/diarioregionaldigital.com.br\/index.php?rest_route=\/wp\/v2\/posts"}],"about":[{"href":"https:\/\/diarioregionaldigital.com.br\/index.php?rest_route=\/wp\/v2\/types\/post"}],"author":[{"embeddable":true,"href":"https:\/\/diarioregionaldigital.com.br\/index.php?rest_route=\/wp\/v2\/users\/96"}],"replies":[{"embeddable":true,"href":"https:\/\/diarioregionaldigital.com.br\/index.php?rest_route=%2Fwp%2Fv2%2Fcomments&post=207534"}],"version-history":[{"count":1,"href":"https:\/\/diarioregionaldigital.com.br\/index.php?rest_route=\/wp\/v2\/posts\/207534\/revisions"}],"predecessor-version":[{"id":207535,"href":"https:\/\/diarioregionaldigital.com.br\/index.php?rest_route=\/wp\/v2\/posts\/207534\/revisions\/207535"}],"wp:attachment":[{"href":"https:\/\/diarioregionaldigital.com.br\/index.php?rest_route=%2Fwp%2Fv2%2Fmedia&parent=207534"}],"wp:term":[{"taxonomy":"category","embeddable":true,"href":"https:\/\/diarioregionaldigital.com.br\/index.php?rest_route=%2Fwp%2Fv2%2Fcategories&post=207534"},{"taxonomy":"post_tag","embeddable":true,"href":"https:\/\/diarioregionaldigital.com.br\/index.php?rest_route=%2Fwp%2Fv2%2Ftags&post=207534"}],"curies":[{"name":"wp","href":"https:\/\/api.w.org\/{rel}","templated":true}]}}