{"id":207529,"date":"2022-12-07T19:20:38","date_gmt":"2022-12-07T22:20:38","guid":{"rendered":"https:\/\/diarioregionaldigital.com.br\/?p=207529"},"modified":"2022-12-07T19:20:38","modified_gmt":"2022-12-07T22:20:38","slug":"levantamento-do-terceiro-liraa-e-finalizado","status":"publish","type":"post","link":"https:\/\/diarioregionaldigital.com.br\/?p=207529","title":{"rendered":"Levantamento do Terceiro LIRAa \u00e9 finalizado"},"content":{"rendered":"<p>Segundo informa\u00e7\u00f5es do site da Prefeitura de Juiz de Fora (PJF),\u00a0 o terceiro Levantamento do \u00cdndice R\u00e1pido do <em>Aedes aegypti<\/em>\u00a0(LIRAa) de 2022, realizado pela Prefeitura de Juiz de Fora (PJF) entre os meses de outubro e novembro, apontou \u00edndice de infesta\u00e7\u00e3o de 2,8, classificado como de &#8220;m\u00e9dio risco\u201d pelo Minist\u00e9rio da Sa\u00fade.<\/p>\n<div id=\"box_texto_noticia\">\n<p>Ao contr\u00e1rio de outros munic\u00edpios brasileiros, inclusive desta microrregi\u00e3o, que vivenciaram surtos de dengue em 2022, Juiz de Fora apresenta melhor situa\u00e7\u00e3o em rela\u00e7\u00e3o \u00e0 doen\u00e7a. O munic\u00edpio contabiliza 203 notifica\u00e7\u00f5es, sendo 98 casos confirmados de dengue em residentes, n\u00famero esperado para o per\u00edodo epid\u00eamico.<\/p>\n<p>Isso gra\u00e7as ao trabalho desempenhado pelos Agentes de Combate \u00e0s Endemias (ACE), vinculados \u00e0 Subsecretaria de Vigil\u00e2ncia em Sa\u00fade (SSVS), da Secretaria de Sa\u00fade (SS), nas a\u00e7\u00f5es de preven\u00e7\u00e3o, monitoramento e bloqueio de focos.<\/p>\n<p>A maioria dos focos est\u00e3o dentro das resid\u00eancias. O tipo de dep\u00f3sito mais frequente foram vasos\/frascos com \u00e1gua, pratos, garrafas retorn\u00e1veis, considerados dep\u00f3sitos m\u00f3veis, seguidos de obras, calhas e estruturas\u00a0 abandonadas ou em desuso.<\/p>\n<p>O subsecret\u00e1rio de Vigil\u00e2ncia em Sa\u00fade, Jonathan Ferreira Tomaz, destaca que \u201c95% do combate \u00e0s arboviroses come\u00e7a em casa e depende diretamente da popula\u00e7\u00e3o. Por isso, pedimos que os cidad\u00e3os tirem os famosos dez minutos semanais para limpeza de calhas e elimina\u00e7\u00e3o de outros criadouros nas resid\u00eancias, al\u00e9m de receber os agentes de endemias e manter os ambientes sempre limpos. Durante os trabalhos, verificamos ainda um aumento no n\u00famero de casas fechadas e recusas, por isso a import\u00e2ncia de conscientiza\u00e7\u00e3o e apoio da popula\u00e7\u00e3o para controle dos vetores\u201d.<\/p>\n<p>O LIRAa consiste em um m\u00e9todo simplificado para obten\u00e7\u00e3o r\u00e1pida de indicadores entomol\u00f3gicos e permite conhecer a distribui\u00e7\u00e3o do vetor\u00a0<em>Aedes aegypti<\/em>\u00a0dentro da regi\u00e3o. Com o n\u00edvel de infesta\u00e7\u00e3o, a SSVS\/SS consegue tra\u00e7ar as estrat\u00e9gias de combate, como a\u00e7\u00f5es de mobiliza\u00e7\u00e3o social, mutir\u00e3o de limpeza, vistorias e a\u00e7\u00f5es em conjunto de fiscaliza\u00e7\u00e3o, a\u00e7\u00f5es educacionais e campanhas de conscientiza\u00e7\u00e3o.<\/p>\n<p><strong>Ferramenta de den\u00fancias<\/strong><\/p>\n<p>Al\u00e9m de participar ativamente na preven\u00e7\u00e3o contra as arboviroses, a popula\u00e7\u00e3o pode ajudar com den\u00fancias an\u00f4nimas sobre focos do\u00a0<em>Aedes Aegypti<\/em>\u00a0em Juiz de Fora e regi\u00e3o. O sistema tem como finalidade mapear as informa\u00e7\u00f5es das doen\u00e7as causadas pelo mosquito: dengue, zika, febre amarela e chikungunya.<\/p>\n<p><a href=\"http:\/\/arbocontrolsis.tecnologia.ws\/denunciafocomosquito\/\"><strong>O MonitorAr pode ser acessado em qualquer navegador<\/strong><\/a>. Ele\u00a0 roda em todas as plataformas: smartphones, tablets, notebooks e computadores. \u00c9 um sistema em que as pessoas podem realizar den\u00fancias de locais de criadouros do mosquito.<\/p>\n<p>A popula\u00e7\u00e3o tamb\u00e9m pode auxiliar no combate por meio de den\u00fancias de poss\u00edveis focos, atrav\u00e9s do WhatsApp, pelo n\u00famero (32) 98432-4608, por liga\u00e7\u00e3o telef\u00f4nica atrav\u00e9s do 3212-3070 ou pelo e-mail\u00a0<strong>dengue@pjf.mg.gov.br.<br \/>\n<\/strong><\/p>\n<\/div>\n<p>&nbsp;<\/p>\n<div id=\"box_compartilhar\" align=\"right\"><\/div>\n","protected":false},"excerpt":{"rendered":"<p>Segundo informa\u00e7\u00f5es do site da Prefeitura de Juiz de Fora (PJF),\u00a0 o terceiro Levantamento do \u00cdndice R\u00e1pido do Aedes aegypti\u00a0(LIRAa) de 2022, realizado pela Prefeitura de Juiz de Fora (PJF) entre os meses de outubro e novembro, apontou \u00edndice de infesta\u00e7\u00e3o de 2,8, classificado como de &#8220;m\u00e9dio risco\u201d pelo Minist\u00e9rio da Sa\u00fade. Ao contr\u00e1rio de [&hellip;]<\/p>\n","protected":false},"author":246,"featured_media":207530,"comment_status":"closed","ping_status":"closed","sticky":false,"template":"","format":"standard","meta":{"footnotes":""},"categories":[253,436,439],"tags":[],"class_list":["post-207529","post","type-post","status-publish","format-standard","has-post-thumbnail","hentry","category-cidade","category-destaque-da-semana","category-ultima-hora"],"_links":{"self":[{"href":"https:\/\/diarioregionaldigital.com.br\/index.php?rest_route=\/wp\/v2\/posts\/207529","targetHints":{"allow":["GET"]}}],"collection":[{"href":"https:\/\/diarioregionaldigital.com.br\/index.php?rest_route=\/wp\/v2\/posts"}],"about":[{"href":"https:\/\/diarioregionaldigital.com.br\/index.php?rest_route=\/wp\/v2\/types\/post"}],"author":[{"embeddable":true,"href":"https:\/\/diarioregionaldigital.com.br\/index.php?rest_route=\/wp\/v2\/users\/246"}],"replies":[{"embeddable":true,"href":"https:\/\/diarioregionaldigital.com.br\/index.php?rest_route=%2Fwp%2Fv2%2Fcomments&post=207529"}],"version-history":[{"count":1,"href":"https:\/\/diarioregionaldigital.com.br\/index.php?rest_route=\/wp\/v2\/posts\/207529\/revisions"}],"predecessor-version":[{"id":207531,"href":"https:\/\/diarioregionaldigital.com.br\/index.php?rest_route=\/wp\/v2\/posts\/207529\/revisions\/207531"}],"wp:featuredmedia":[{"embeddable":true,"href":"https:\/\/diarioregionaldigital.com.br\/index.php?rest_route=\/wp\/v2\/media\/207530"}],"wp:attachment":[{"href":"https:\/\/diarioregionaldigital.com.br\/index.php?rest_route=%2Fwp%2Fv2%2Fmedia&parent=207529"}],"wp:term":[{"taxonomy":"category","embeddable":true,"href":"https:\/\/diarioregionaldigital.com.br\/index.php?rest_route=%2Fwp%2Fv2%2Fcategories&post=207529"},{"taxonomy":"post_tag","embeddable":true,"href":"https:\/\/diarioregionaldigital.com.br\/index.php?rest_route=%2Fwp%2Fv2%2Ftags&post=207529"}],"curies":[{"name":"wp","href":"https:\/\/api.w.org\/{rel}","templated":true}]}}