{"id":207526,"date":"2022-12-07T19:18:17","date_gmt":"2022-12-07T22:18:17","guid":{"rendered":"https:\/\/diarioregionaldigital.com.br\/?p=207526"},"modified":"2022-12-07T19:18:17","modified_gmt":"2022-12-07T22:18:17","slug":"alunos-da-e-m-manuel-bandeira-assistem-peca-teatral-s-o-s-brasil","status":"publish","type":"post","link":"https:\/\/diarioregionaldigital.com.br\/?p=207526","title":{"rendered":"Alunos da E.M. Manuel Bandeira assistem pe\u00e7a teatral \u201cS.O.S Brasil\u201d"},"content":{"rendered":"<p>Segundo informa\u00e7\u00f5es do site da Prefeitura de Juiz de Fora (PJF), alunos da Educa\u00e7\u00e3o de Jovens e Adultos (EJA) da Escola Municipal Manuel Bandeira assistiram na \u00faltima quinta-feira, 1\u00ba, a pe\u00e7a teatral \u201cS.O.S Brasil\u201d, realizada pelo Grupo Divulga\u00e7\u00e3o. O espet\u00e1culo fala sobre a atual situa\u00e7\u00e3o pol\u00edtica do Brasil.<br \/>\nSegundo a vice-diretora Dalcylene Dutra, \u201cal\u00e9m de proporcionar aos alunos o acesso \u00e0 cultura, j\u00e1 que a maioria nunca esteve em um teatro, a pe\u00e7a mostra como temas atuais e pol\u00eamicos podem ser tratados de outras formas que n\u00e3o sejam apenas textos escritos\u201d.<br \/>\n<strong>Grupo Divulga\u00e7\u00e3o<\/strong><br \/>\nO Centro de Estudos Teatrais \u2013 Grupo Divulga\u00e7\u00e3o \u00e9 um n\u00facleo de ensino, pesquisa e extens\u00e3o em artes c\u00eanicas, que se iniciou como um grupo de teatro universit\u00e1rio, nascido em 1966, na antiga Faculdade de Filosofia e Letras. Atuando desde ent\u00e3o junto \u00e0 Universidade Federal de Juiz de Fora (UFJF), o Grupo Divulga\u00e7\u00e3o organiza-se em tr\u00eas n\u00facleos b\u00e1sicos de produ\u00e7\u00e3o de espet\u00e1culos: o de universit\u00e1rios, o de secundaristas e o da terceira idade.<\/p>\n","protected":false},"excerpt":{"rendered":"<p>Segundo informa\u00e7\u00f5es do site da Prefeitura de Juiz de Fora (PJF), alunos da Educa\u00e7\u00e3o de Jovens e Adultos (EJA) da Escola Municipal Manuel Bandeira assistiram na \u00faltima quinta-feira, 1\u00ba, a pe\u00e7a teatral \u201cS.O.S Brasil\u201d, realizada pelo Grupo Divulga\u00e7\u00e3o. O espet\u00e1culo fala sobre a atual situa\u00e7\u00e3o pol\u00edtica do Brasil. Segundo a vice-diretora Dalcylene Dutra, \u201cal\u00e9m de [&hellip;]<\/p>\n","protected":false},"author":246,"featured_media":207527,"comment_status":"closed","ping_status":"closed","sticky":false,"template":"","format":"standard","meta":{"footnotes":""},"categories":[253,436,439],"tags":[],"class_list":["post-207526","post","type-post","status-publish","format-standard","has-post-thumbnail","hentry","category-cidade","category-destaque-da-semana","category-ultima-hora"],"_links":{"self":[{"href":"https:\/\/diarioregionaldigital.com.br\/index.php?rest_route=\/wp\/v2\/posts\/207526","targetHints":{"allow":["GET"]}}],"collection":[{"href":"https:\/\/diarioregionaldigital.com.br\/index.php?rest_route=\/wp\/v2\/posts"}],"about":[{"href":"https:\/\/diarioregionaldigital.com.br\/index.php?rest_route=\/wp\/v2\/types\/post"}],"author":[{"embeddable":true,"href":"https:\/\/diarioregionaldigital.com.br\/index.php?rest_route=\/wp\/v2\/users\/246"}],"replies":[{"embeddable":true,"href":"https:\/\/diarioregionaldigital.com.br\/index.php?rest_route=%2Fwp%2Fv2%2Fcomments&post=207526"}],"version-history":[{"count":1,"href":"https:\/\/diarioregionaldigital.com.br\/index.php?rest_route=\/wp\/v2\/posts\/207526\/revisions"}],"predecessor-version":[{"id":207528,"href":"https:\/\/diarioregionaldigital.com.br\/index.php?rest_route=\/wp\/v2\/posts\/207526\/revisions\/207528"}],"wp:featuredmedia":[{"embeddable":true,"href":"https:\/\/diarioregionaldigital.com.br\/index.php?rest_route=\/wp\/v2\/media\/207527"}],"wp:attachment":[{"href":"https:\/\/diarioregionaldigital.com.br\/index.php?rest_route=%2Fwp%2Fv2%2Fmedia&parent=207526"}],"wp:term":[{"taxonomy":"category","embeddable":true,"href":"https:\/\/diarioregionaldigital.com.br\/index.php?rest_route=%2Fwp%2Fv2%2Fcategories&post=207526"},{"taxonomy":"post_tag","embeddable":true,"href":"https:\/\/diarioregionaldigital.com.br\/index.php?rest_route=%2Fwp%2Fv2%2Ftags&post=207526"}],"curies":[{"name":"wp","href":"https:\/\/api.w.org\/{rel}","templated":true}]}}