{"id":207523,"date":"2022-12-07T19:16:19","date_gmt":"2022-12-07T22:16:19","guid":{"rendered":"https:\/\/diarioregionaldigital.com.br\/?p=207523"},"modified":"2022-12-07T19:16:19","modified_gmt":"2022-12-07T22:16:19","slug":"ultima-edicao-do-domingo-no-parque-traz-brincadeiras-para-as-criancas-no-parque-da-lajinha","status":"publish","type":"post","link":"https:\/\/diarioregionaldigital.com.br\/?p=207523","title":{"rendered":"\u00daltima edi\u00e7\u00e3o do Domingo no Parque traz brincadeiras para as crian\u00e7as no Parque da Lajinha"},"content":{"rendered":"<p>Segundo informa\u00e7\u00f5es do site da Prefeitura de Juiz de Fora (PJF), atividades de recrea\u00e7\u00e3o infantil, oficina de artesanatos e muitas brincadeiras para as crian\u00e7as s\u00e3o as atra\u00e7\u00f5es da Prefeitura de Juiz de Fora (PJF) para a \u00faltima edi\u00e7\u00e3o do Projeto Domingo no Parque do ano de 2022. O evento \u00e9 gratuito e acontece no pr\u00f3ximo domingo, 11, no Parque Municipal da Lajinha.<\/p>\n<p>A iniciativa \u00e9 uma parceria da Secretaria de Sustentabilidade em Meio Ambiente e Atividades Urbanas (Sesmaur) com o projeto cidad\u00e3o consciente, da empresa Hiperroll embalagens, cujo objetivo \u00e9 mobilizar a popula\u00e7\u00e3o quanto ao descarte correto das sacolas pl\u00e1sticas.<\/p>\n<p><strong>Programa\u00e7\u00e3o:<\/strong><\/p>\n<p>9h \u00e0s 12h &#8211; Atividade recreativa infantil, pintura facial,\u00a0 atividades para colorir<br \/>\n9h \u00e0s 12h &#8211; Exposi\u00e7\u00e3o e oficina de artesanatos com sacolas pl\u00e1sticas<br \/>\n9h \u00e0s 12h &#8211; Distribui\u00e7\u00e3o de gibis com tem\u00e1tica ambiental, fornecido pela Cesama<br \/>\n10h \u00e0s 12h &#8211; Brincadeiras animadas com o Tio B\u00ea<\/p>\n<p>@tioberecreacao<\/p>\n<p><strong>Outras informa\u00e7\u00f5es:<\/strong><\/p>\n<p>Sesmaur:\u00a0 3690-7142<\/p>\n<p>Parque da Lajinha: 3690-8577<\/p>\n<p>@parquedalajinhajf<\/p>\n<p>@cidadaoconscientehr<\/p>\n","protected":false},"excerpt":{"rendered":"<p>Segundo informa\u00e7\u00f5es do site da Prefeitura de Juiz de Fora (PJF), atividades de recrea\u00e7\u00e3o infantil, oficina de artesanatos e muitas brincadeiras para as crian\u00e7as s\u00e3o as atra\u00e7\u00f5es da Prefeitura de Juiz de Fora (PJF) para a \u00faltima edi\u00e7\u00e3o do Projeto Domingo no Parque do ano de 2022. O evento \u00e9 gratuito e acontece no pr\u00f3ximo [&hellip;]<\/p>\n","protected":false},"author":246,"featured_media":207524,"comment_status":"closed","ping_status":"closed","sticky":false,"template":"","format":"standard","meta":{"footnotes":""},"categories":[253,436,439],"tags":[],"class_list":["post-207523","post","type-post","status-publish","format-standard","has-post-thumbnail","hentry","category-cidade","category-destaque-da-semana","category-ultima-hora"],"_links":{"self":[{"href":"https:\/\/diarioregionaldigital.com.br\/index.php?rest_route=\/wp\/v2\/posts\/207523","targetHints":{"allow":["GET"]}}],"collection":[{"href":"https:\/\/diarioregionaldigital.com.br\/index.php?rest_route=\/wp\/v2\/posts"}],"about":[{"href":"https:\/\/diarioregionaldigital.com.br\/index.php?rest_route=\/wp\/v2\/types\/post"}],"author":[{"embeddable":true,"href":"https:\/\/diarioregionaldigital.com.br\/index.php?rest_route=\/wp\/v2\/users\/246"}],"replies":[{"embeddable":true,"href":"https:\/\/diarioregionaldigital.com.br\/index.php?rest_route=%2Fwp%2Fv2%2Fcomments&post=207523"}],"version-history":[{"count":1,"href":"https:\/\/diarioregionaldigital.com.br\/index.php?rest_route=\/wp\/v2\/posts\/207523\/revisions"}],"predecessor-version":[{"id":207525,"href":"https:\/\/diarioregionaldigital.com.br\/index.php?rest_route=\/wp\/v2\/posts\/207523\/revisions\/207525"}],"wp:featuredmedia":[{"embeddable":true,"href":"https:\/\/diarioregionaldigital.com.br\/index.php?rest_route=\/wp\/v2\/media\/207524"}],"wp:attachment":[{"href":"https:\/\/diarioregionaldigital.com.br\/index.php?rest_route=%2Fwp%2Fv2%2Fmedia&parent=207523"}],"wp:term":[{"taxonomy":"category","embeddable":true,"href":"https:\/\/diarioregionaldigital.com.br\/index.php?rest_route=%2Fwp%2Fv2%2Fcategories&post=207523"},{"taxonomy":"post_tag","embeddable":true,"href":"https:\/\/diarioregionaldigital.com.br\/index.php?rest_route=%2Fwp%2Fv2%2Ftags&post=207523"}],"curies":[{"name":"wp","href":"https:\/\/api.w.org\/{rel}","templated":true}]}}