{"id":207520,"date":"2022-12-07T19:14:45","date_gmt":"2022-12-07T22:14:45","guid":{"rendered":"https:\/\/diarioregionaldigital.com.br\/?p=207520"},"modified":"2022-12-07T19:14:45","modified_gmt":"2022-12-07T22:14:45","slug":"parceria-da-seguranca-com-educacao-e-fortalecida-em-2022","status":"publish","type":"post","link":"https:\/\/diarioregionaldigital.com.br\/?p=207520","title":{"rendered":"Parceria da seguran\u00e7a com educa\u00e7\u00e3o \u00e9 fortalecida em 2022"},"content":{"rendered":"<p>Segundo informa\u00e7\u00f5es do site da Prefeitura de Juiz de Fora (PJF), a Prefeitura de Juiz de Fora (PJF) est\u00e1 estabelecendo uma nova rela\u00e7\u00e3o entre seguran\u00e7a e educa\u00e7\u00e3o. No ano de 2022, a\u00e7\u00f5es de fortalecimento da cultura de paz foram implementadas, numa parceria de sucesso, entre as secretarias de Seguran\u00e7a Urbana e Cidadania (Sesuc) e Educa\u00e7\u00e3o (SE). O projeto piloto \u201cNossa Escola: Seguran\u00e7a, Cidadania e Cultura de Paz\u201d foi reconhecido pelo Minist\u00e9rio da Justi\u00e7a e Seguran\u00e7a P\u00fablica como iniciativa a ser sedimentada. A aproxima\u00e7\u00e3o tamb\u00e9m ocorreu com o incremento de palestras levadas ao p\u00fablico escolar e o impulso dado pelas rondas preventivas da Guarda Municipal em unidades de educa\u00e7\u00e3o.<\/p>\n<div id=\"box_texto_noticia\">\n<p>&nbsp;<\/p>\n<p>Para o pr\u00f3ximo ano, a Sesuc planeja estender o \u201cNossa Escola\u201d para mais duas institui\u00e7\u00f5es de ensino municipal. O projeto ficou em terceiro lugar em disputa entre 122 munic\u00edpios de todo o Brasil e vai receber recursos do Fundo Nacional de Seguran\u00e7a P\u00fablica para estruturar e ampliar o trabalho.<br \/>\nA convic\u00e7\u00e3o de que a preven\u00e7\u00e3o come\u00e7a com educa\u00e7\u00e3o vem pautando os projetos entre os setores. Al\u00e9m da Escola Municipal Jovita de Montreuil Brand\u00e3o, no Parque das \u00c1guas, onde atividades socioculturais e de lazer est\u00e3o dinamizando as rela\u00e7\u00f5es de pertencimento e de valoriza\u00e7\u00e3o da escola, outras unidades foram visitadas para o desenvolvimento de conversas sobre bullying, ciberbullying, desacato e viol\u00eancia contra a mulher. Soma-se \u00e0 essa estrat\u00e9gia de aproxima\u00e7\u00e3o o Projeto Vem Pra Guarda, que abriu a academia da corpora\u00e7\u00e3o para alunos da Escola Municipal Am\u00e9lia Mascarenhas participarem de inicia\u00e7\u00e3o em defesa pessoal.<br \/>\nIntera\u00e7\u00e3o com estabelecimento de rela\u00e7\u00f5es de confian\u00e7a, orienta\u00e7\u00e3o para a rede de enfrentamento \u00e0s viol\u00eancias, promo\u00e7\u00e3o de atividades de lazer, como passeios no Parque Municipal, est\u00edmulo \u00e0 produ\u00e7\u00e3o art\u00edstica, com realiza\u00e7\u00e3o de exposi\u00e7\u00e3o no Espa\u00e7o Cidade, s\u00e3o algumas das propostas levadas a efeito durante o ano. Houve, inclusive, a organiza\u00e7\u00e3o de um s\u00e1bado festivo na Escola Municipal Dilermando Cruz Filho, com o objetivo de favorecer a constru\u00e7\u00e3o de ambientes de paz no territ\u00f3rio. O evento foi uma oportunidade de intera\u00e7\u00e3o da escola com a comunidade, sendo o primeiro realizado ap\u00f3s a pandemia.<br \/>\nNo m\u00eas de agosto, ap\u00f3s f\u00e9rias escolares, a Guarda Municipal implementou nova l\u00f3gica de rondas, atendendo escolas na \u00e1rea de abrang\u00eancia das localidades em que equipes j\u00e1 realizavam apoio \u00e0s feiras livres. Desde o in\u00edcio da expans\u00e3o, j\u00e1 s\u00e3o mais de 30 as unidades visitadas em sistema de revezamento.<br \/>\n\u201cFoi muito boa essa parceria com a Guarda Municipal. Quando come\u00e7ou, os alunos ficaram meio ressabiados com a presen\u00e7a dos guardas uniformizados. Mas aos poucos eles foram se aproximando e passaram a ver os guardas como amigos\u201d, afirma a diretora da E. M. Dilermando Cruz Filho, Erika do Valle Oliveira Sampaio, sobre a quebra do paradigma do medo \u00e0s for\u00e7as de seguran\u00e7a. \u201cHoje, eles se integraram, brincam, pedem aut\u00f3grafo, d\u00e3o bala. Nossa expectativa, para o pr\u00f3ximo ano, \u00e9 continuar esse trabalho, que trouxe mais tranquilidade para alunos e professores na escola\u201d, completa.<\/p>\n<\/div>\n<p>&nbsp;<\/p>\n<div id=\"box_compartilhar\" align=\"right\"><\/div>\n","protected":false},"excerpt":{"rendered":"<p>Segundo informa\u00e7\u00f5es do site da Prefeitura de Juiz de Fora (PJF), a Prefeitura de Juiz de Fora (PJF) est\u00e1 estabelecendo uma nova rela\u00e7\u00e3o entre seguran\u00e7a e educa\u00e7\u00e3o. No ano de 2022, a\u00e7\u00f5es de fortalecimento da cultura de paz foram implementadas, numa parceria de sucesso, entre as secretarias de Seguran\u00e7a Urbana e Cidadania (Sesuc) e Educa\u00e7\u00e3o [&hellip;]<\/p>\n","protected":false},"author":246,"featured_media":207521,"comment_status":"closed","ping_status":"closed","sticky":false,"template":"","format":"standard","meta":{"footnotes":""},"categories":[253,436,440,439],"tags":[],"class_list":["post-207520","post","type-post","status-publish","format-standard","has-post-thumbnail","hentry","category-cidade","category-destaque-da-semana","category-destaques-do-dia","category-ultima-hora"],"_links":{"self":[{"href":"https:\/\/diarioregionaldigital.com.br\/index.php?rest_route=\/wp\/v2\/posts\/207520","targetHints":{"allow":["GET"]}}],"collection":[{"href":"https:\/\/diarioregionaldigital.com.br\/index.php?rest_route=\/wp\/v2\/posts"}],"about":[{"href":"https:\/\/diarioregionaldigital.com.br\/index.php?rest_route=\/wp\/v2\/types\/post"}],"author":[{"embeddable":true,"href":"https:\/\/diarioregionaldigital.com.br\/index.php?rest_route=\/wp\/v2\/users\/246"}],"replies":[{"embeddable":true,"href":"https:\/\/diarioregionaldigital.com.br\/index.php?rest_route=%2Fwp%2Fv2%2Fcomments&post=207520"}],"version-history":[{"count":1,"href":"https:\/\/diarioregionaldigital.com.br\/index.php?rest_route=\/wp\/v2\/posts\/207520\/revisions"}],"predecessor-version":[{"id":207522,"href":"https:\/\/diarioregionaldigital.com.br\/index.php?rest_route=\/wp\/v2\/posts\/207520\/revisions\/207522"}],"wp:featuredmedia":[{"embeddable":true,"href":"https:\/\/diarioregionaldigital.com.br\/index.php?rest_route=\/wp\/v2\/media\/207521"}],"wp:attachment":[{"href":"https:\/\/diarioregionaldigital.com.br\/index.php?rest_route=%2Fwp%2Fv2%2Fmedia&parent=207520"}],"wp:term":[{"taxonomy":"category","embeddable":true,"href":"https:\/\/diarioregionaldigital.com.br\/index.php?rest_route=%2Fwp%2Fv2%2Fcategories&post=207520"},{"taxonomy":"post_tag","embeddable":true,"href":"https:\/\/diarioregionaldigital.com.br\/index.php?rest_route=%2Fwp%2Fv2%2Ftags&post=207520"}],"curies":[{"name":"wp","href":"https:\/\/api.w.org\/{rel}","templated":true}]}}