{"id":207514,"date":"2022-12-07T19:07:16","date_gmt":"2022-12-07T22:07:16","guid":{"rendered":"https:\/\/diarioregionaldigital.com.br\/?p=207514"},"modified":"2022-12-07T19:07:16","modified_gmt":"2022-12-07T22:07:16","slug":"brasil-abre-quartas-de-final-da-copa-na-proxima-sexta-feira","status":"publish","type":"post","link":"https:\/\/diarioregionaldigital.com.br\/?p=207514","title":{"rendered":"Brasil abre quartas de final da Copa na pr\u00f3xima sexta-feira"},"content":{"rendered":"<p>Com a goleada de 6 a 1 de Portugal sobre a Su\u00ed\u00e7a chegou ao final mais uma fase da Copa do Catar. Agora, ap\u00f3s uma pausa de dois dias, as aten\u00e7\u00f5es se voltar\u00e3o para as quartas de final, que ter\u00e3o in\u00edcio na pr\u00f3xima sexta-feira (9) com a realiza\u00e7\u00e3o de duas partidas.<img decoding=\"async\" src=\"https:\/\/agenciabrasil.ebc.com.br\/ebc.png?id=1497117&amp;o=node\" \/><img decoding=\"async\" src=\"https:\/\/agenciabrasil.ebc.com.br\/ebc.gif?id=1497117&amp;o=node\" \/><\/p>\n<p>E caber\u00e1 ao Brasil abrir a nova etapa da competi\u00e7\u00e3o, quando medir\u00e1 for\u00e7as com a Cro\u00e1cia a partir das 12h (hor\u00e1rio de Bras\u00edlia) de sexta no Est\u00e1dio Cidade da Educa\u00e7\u00e3o. No mesmo dia, mas a partir das 16h, ser\u00e1 a vez de Holanda e Argentina se enfrentarem no Est\u00e1dio de Lusail.<\/p>\n<div class=\"post-item-wrap\">\n<p>Um dia depois, no s\u00e1bado (10), Marrocos (que disputa pela primeira vez as quartas de um Mundial) e Portugal jogam, a partir das 12h, no Est\u00e1dio Al Thumama em busca de uma vaga nas semifinais. Quatro horas mais tarde ser\u00e1 a vez de Inglaterra e Fran\u00e7a fecharem as quartas de final no Est\u00e1dio de Al Bayt.<\/p>\n<\/div>\n<p class=\"alt-font font-italic my-2 small text-info\"><span style=\"font-weight: 400;\">Fonte: Ag\u00eancia Brasil <\/span><\/p>\n","protected":false},"excerpt":{"rendered":"<p>Com a goleada de 6 a 1 de Portugal sobre a Su\u00ed\u00e7a chegou ao final mais uma fase da Copa do Catar. Agora, ap\u00f3s uma pausa de dois dias, as aten\u00e7\u00f5es se voltar\u00e3o para as quartas de final, que ter\u00e3o in\u00edcio na pr\u00f3xima sexta-feira (9) com a realiza\u00e7\u00e3o de duas partidas. E caber\u00e1 ao Brasil [&hellip;]<\/p>\n","protected":false},"author":246,"featured_media":207515,"comment_status":"closed","ping_status":"closed","sticky":false,"template":"","format":"standard","meta":{"footnotes":""},"categories":[436,257,439],"tags":[],"class_list":["post-207514","post","type-post","status-publish","format-standard","has-post-thumbnail","hentry","category-destaque-da-semana","category-esporte","category-ultima-hora"],"_links":{"self":[{"href":"https:\/\/diarioregionaldigital.com.br\/index.php?rest_route=\/wp\/v2\/posts\/207514","targetHints":{"allow":["GET"]}}],"collection":[{"href":"https:\/\/diarioregionaldigital.com.br\/index.php?rest_route=\/wp\/v2\/posts"}],"about":[{"href":"https:\/\/diarioregionaldigital.com.br\/index.php?rest_route=\/wp\/v2\/types\/post"}],"author":[{"embeddable":true,"href":"https:\/\/diarioregionaldigital.com.br\/index.php?rest_route=\/wp\/v2\/users\/246"}],"replies":[{"embeddable":true,"href":"https:\/\/diarioregionaldigital.com.br\/index.php?rest_route=%2Fwp%2Fv2%2Fcomments&post=207514"}],"version-history":[{"count":1,"href":"https:\/\/diarioregionaldigital.com.br\/index.php?rest_route=\/wp\/v2\/posts\/207514\/revisions"}],"predecessor-version":[{"id":207516,"href":"https:\/\/diarioregionaldigital.com.br\/index.php?rest_route=\/wp\/v2\/posts\/207514\/revisions\/207516"}],"wp:featuredmedia":[{"embeddable":true,"href":"https:\/\/diarioregionaldigital.com.br\/index.php?rest_route=\/wp\/v2\/media\/207515"}],"wp:attachment":[{"href":"https:\/\/diarioregionaldigital.com.br\/index.php?rest_route=%2Fwp%2Fv2%2Fmedia&parent=207514"}],"wp:term":[{"taxonomy":"category","embeddable":true,"href":"https:\/\/diarioregionaldigital.com.br\/index.php?rest_route=%2Fwp%2Fv2%2Fcategories&post=207514"},{"taxonomy":"post_tag","embeddable":true,"href":"https:\/\/diarioregionaldigital.com.br\/index.php?rest_route=%2Fwp%2Fv2%2Ftags&post=207514"}],"curies":[{"name":"wp","href":"https:\/\/api.w.org\/{rel}","templated":true}]}}