{"id":207511,"date":"2022-12-07T19:04:33","date_gmt":"2022-12-07T22:04:33","guid":{"rendered":"https:\/\/diarioregionaldigital.com.br\/?p=207511"},"modified":"2022-12-07T19:04:33","modified_gmt":"2022-12-07T22:04:33","slug":"brasil-tem-bom-inicio-no-mundial-de-bocha-paralimpica","status":"publish","type":"post","link":"https:\/\/diarioregionaldigital.com.br\/?p=207511","title":{"rendered":"Brasil tem bom in\u00edcio no Mundial de Bocha Paral\u00edmpica"},"content":{"rendered":"<p>Come\u00e7ou nesta ter\u00e7a-feira (6) o Campeonato Mundial de bocha paral\u00edmpica. E o Brasil teve uma boa participa\u00e7\u00e3o na principal competi\u00e7\u00e3o da modalidade do ciclo Paris 2024, que re\u00fane mais de 170 atletas de 40 pa\u00edses e que \u00e9 realizada no Parque Ol\u00edmpico da Barra da Tijuca, na zona oeste do Rio de Janeiro.<img decoding=\"async\" src=\"https:\/\/agenciabrasil.ebc.com.br\/ebc.png?id=1497126&amp;o=node\" \/><img decoding=\"async\" src=\"https:\/\/agenciabrasil.ebc.com.br\/ebc.gif?id=1497126&amp;o=node\" \/><\/p>\n<p>O destaque da sele\u00e7\u00e3o brasileira foi Evelyn Oliveira, que, na classe BC3 (para atletas com defici\u00eancias severas e que podem usar o instrumento auxiliar calha e ter aux\u00edlio de outra pessoa), superou a sul-africana Elanza Jordaan por 18 a 0.<\/p>\n<p>\u201cFiquei muito feliz de ter iniciado o Mundial ap\u00f3s uma jornada t\u00e3o longa. N\u00e3o tem nada mais gratificante do que ter uma estreia como essa, com uma vit\u00f3ria consistente, com tranquilidade nas quatro parciais. Estou feliz com o resultado e espero manter o desempenho no restante do campeonato\u201d, declarou a paulista \u00e0 assessoria de imprensa do Comit\u00ea Paral\u00edmpico Brasileiro (CPB).<\/p>\n<p>Os dois medalhistas de bronze nos Jogos de 2020 (T\u00f3quio) Jos\u00e9 Carlos Chagas e Maciel Santos tamb\u00e9m estrearam no Mundial com placares el\u00e1sticos.<\/p>\n<p>Jos\u00e9 Carlos bateu o japon\u00eas Takumi Nakamura por 11 a 1 na classe BC1 (para atletas que podem jogar com as m\u00e3os ou com os p\u00e9s e que contam com a op\u00e7\u00e3o de um auxiliar). J\u00e1 o cearense Maciel estreou em sua s\u00e9tima participa\u00e7\u00e3o em mundiais vencendo o sul-coreano Minkyu Kwak por 8 a 1 pela classe BC2 (para atletas que n\u00e3o recebem assist\u00eancia). Ainda pelo masculino, mas pela classe BC3, o mineiro Mateus Carvalho venceu o eg\u00edpcio Abdelrahman Saad por 9 a 0.<\/p>\n<p>J\u00e1 no feminino as pernambucanas Andreza Vit\u00f3ria e Evani Calado derrotaram, respectivamente, Yushae Andrade, de Bermudas, por 5 a 2 pela BC1, e a japonesa Keiko Tanaka, por 4 a 2 pela BC3. Pela classe BC4 (para atletas com defici\u00eancias severas, mas que n\u00e3o recebem assist\u00eancia), a paulista Josi Silva bateu a chilena Norma Concha por 8 a 0.<\/p>\n<p>O \u00fanico empate brasileiro do dia veio com Eliseu dos Santos, que ficou no 2 a 2 com o tailand\u00eas Ritthikrai Somsanuk na classe BC4. O paranaense tamb\u00e9m perdeu de 8 a 1 para o israelense Gershon Haimov por 8 a 1.<\/p>\n<p>Outras derrotas do Brasil nesta ter\u00e7a vieram com a pernambucana Let\u00edcia Karoline, de 3 a 2 para a argentina Ailen Flores na classe BC1, e com o paulista Ant\u00f4nio Leme, de 7 a 1 para o atleta de Hong Kong Tak Wah Tse na classe BC3.<\/p>\n<p>O Mundial de bocha ser\u00e1 disputado at\u00e9 a pr\u00f3xima ter\u00e7a-feira (13). O evento \u00e9 transmitido, ao vivo, pelo\u00a0<a href=\"https:\/\/www.youtube.com\/@ANDEnarede\">canal da Associa\u00e7\u00e3o Nacional de Desportos para Deficientes (Ande) no YouTube<\/a>.<\/p>\n<p><span style=\"font-weight: 400;\">Fonte: Ag\u00eancia Brasil <\/span><\/p>\n","protected":false},"excerpt":{"rendered":"<p>Come\u00e7ou nesta ter\u00e7a-feira (6) o Campeonato Mundial de bocha paral\u00edmpica. E o Brasil teve uma boa participa\u00e7\u00e3o na principal competi\u00e7\u00e3o da modalidade do ciclo Paris 2024, que re\u00fane mais de 170 atletas de 40 pa\u00edses e que \u00e9 realizada no Parque Ol\u00edmpico da Barra da Tijuca, na zona oeste do Rio de Janeiro. O destaque [&hellip;]<\/p>\n","protected":false},"author":246,"featured_media":207512,"comment_status":"closed","ping_status":"closed","sticky":false,"template":"","format":"standard","meta":{"footnotes":""},"categories":[436,257,439],"tags":[],"class_list":["post-207511","post","type-post","status-publish","format-standard","has-post-thumbnail","hentry","category-destaque-da-semana","category-esporte","category-ultima-hora"],"_links":{"self":[{"href":"https:\/\/diarioregionaldigital.com.br\/index.php?rest_route=\/wp\/v2\/posts\/207511","targetHints":{"allow":["GET"]}}],"collection":[{"href":"https:\/\/diarioregionaldigital.com.br\/index.php?rest_route=\/wp\/v2\/posts"}],"about":[{"href":"https:\/\/diarioregionaldigital.com.br\/index.php?rest_route=\/wp\/v2\/types\/post"}],"author":[{"embeddable":true,"href":"https:\/\/diarioregionaldigital.com.br\/index.php?rest_route=\/wp\/v2\/users\/246"}],"replies":[{"embeddable":true,"href":"https:\/\/diarioregionaldigital.com.br\/index.php?rest_route=%2Fwp%2Fv2%2Fcomments&post=207511"}],"version-history":[{"count":1,"href":"https:\/\/diarioregionaldigital.com.br\/index.php?rest_route=\/wp\/v2\/posts\/207511\/revisions"}],"predecessor-version":[{"id":207513,"href":"https:\/\/diarioregionaldigital.com.br\/index.php?rest_route=\/wp\/v2\/posts\/207511\/revisions\/207513"}],"wp:featuredmedia":[{"embeddable":true,"href":"https:\/\/diarioregionaldigital.com.br\/index.php?rest_route=\/wp\/v2\/media\/207512"}],"wp:attachment":[{"href":"https:\/\/diarioregionaldigital.com.br\/index.php?rest_route=%2Fwp%2Fv2%2Fmedia&parent=207511"}],"wp:term":[{"taxonomy":"category","embeddable":true,"href":"https:\/\/diarioregionaldigital.com.br\/index.php?rest_route=%2Fwp%2Fv2%2Fcategories&post=207511"},{"taxonomy":"post_tag","embeddable":true,"href":"https:\/\/diarioregionaldigital.com.br\/index.php?rest_route=%2Fwp%2Fv2%2Ftags&post=207511"}],"curies":[{"name":"wp","href":"https:\/\/api.w.org\/{rel}","templated":true}]}}