{"id":207507,"date":"2022-12-07T19:01:31","date_gmt":"2022-12-07T22:01:31","guid":{"rendered":"https:\/\/diarioregionaldigital.com.br\/?p=207507"},"modified":"2022-12-07T19:01:31","modified_gmt":"2022-12-07T22:01:31","slug":"vini-jr-quer-que-o-brasil-chegue-em-ritmo-de-alegria-a-final-da-copa","status":"publish","type":"post","link":"https:\/\/diarioregionaldigital.com.br\/?p=207507","title":{"rendered":"Vini Jr. quer que o Brasil chegue em ritmo de alegria \u00e0 final da Copa"},"content":{"rendered":"<p>Em prepara\u00e7\u00e3o para enfrentar a Cro\u00e1cia na\u00a0sexta-feira (9), ao meio-dia (hor\u00e1rio de Bras\u00edlia), pelas quartas de final da Copa do Mundo do Catar, o atacante Vinicius Junior\u00a0descarta\u00a0o\u00a0favoritismo da sele\u00e7\u00e3o brasileira frente ao\u00a0pr\u00f3ximo advers\u00e1rio. O embate decisivo ser\u00e1 no Est\u00e1dio Cidade da Educa\u00e7\u00e3o, na capital Doha.<img decoding=\"async\" src=\"https:\/\/agenciabrasil.ebc.com.br\/ebc.png?id=1497360&amp;o=node\" \/><img decoding=\"async\" src=\"https:\/\/agenciabrasil.ebc.com.br\/ebc.gif?id=1497360&amp;o=node\" \/><\/p>\n<p>&#8220;Nessa Copa n\u00e3o tem favorito, e a Cro\u00e1cia, na \u00faltima Copa chegou \u00e0 final. Ent\u00e3o, n\u00e3o tem mais jogo f\u00e1cil. Jogar contra a Cro\u00e1cia, de Luka Modric, que h\u00e1 pouco tempo atr\u00e1s foi bola de ouro, \u00e9 complicado. Mas a gente tem consci\u00eancia que temos de entrar l\u00e1 e mudar o que se passou nos \u00faltimos anos. Queremos ganhar as quartas de final e chegar na semi. \u00c9 um passo de cada vez&#8221;, disse o atacante.<\/p>\n<p>O Brasil n\u00e3o derrota uma sele\u00e7\u00e3o europeia na fase mata-mata desde o Mundial de 2002, (Jap\u00e3o e Cor\u00e9ia do Sul) (2002), quando conquistou\u00a0o\u00a0pentacampeonato. Na ocasi\u00e3o, o escrete canarinho\u00a0venceu\u00a0B\u00e9lgica, Inglaterra e Turquia,\u00a0al\u00e9m de derrotar a\u00a0Alemanha na final.<\/p>\n<p>Com futebol vistoso nos tr\u00eas jogos em que atuou,\u00a0Vini\u00a0foi questionado sobre como se sentir\u00a0dividindo o\u00a0protagonismo com Neymar.<\/p>\n<blockquote><p>&#8220;Acredito que temos 26 jogadores: se cada um dividir a responsabilidade, n\u00e3o fica pesado para ningu\u00e9m. Claro que os jogadores que atuam amis, ter\u00e3o\u00a0mais responsabilidade. O Ney n\u00e3o foge e eu tamb\u00e9m n\u00e3o tenho medo dessa responsabilidade. Quero entrar em campo bem, na minha melhor vers\u00e3o\u00a0 para ajudar a equipe, n\u00e3o s\u00f3 com gols mas tamb\u00e9m quando tempos que baixar a linha para defender e ajudar os zagueiros. A responsabilidade \u00e9 de todos, e todos juntos fica mais f\u00e1cil para todo mundo&#8221;.<\/p><\/blockquote>\n<p>O atacante ainda falou da necessidade de a sele\u00e7\u00e3o continuar evoluindo no torneio.<\/p>\n<blockquote><p>&#8220;Cada jogo a gente tem de melhorar e agora [temos] um advers\u00e1rio completamente diferente da Coreia: v\u00e3o vir com bloco baixo [na defesa] para tentar tirar nossa arma que \u00e9 a qualidade do ataque. O professor [Tite] faz tudo para facilitar para a gente, d\u00e1 tudo o que a gente precisa fazer durante o jogo . Eu falo por mim: tenho 22 anos, tento evoluir a cada jogo e nesta Copa tenho aprendido bastante que \u00e9 importante estar concentrado nos jogos do princ\u00edpio ao fim.<\/p><\/blockquote>\n<p>O jogador do Real Madrid\u00a0ainda afirmou que se depender da vontade do grupo de fazer gols, presenciaremos mais dancinhas nas comemora\u00e7\u00f5es.<\/p>\n<blockquote><p>&#8220;O gol \u00e9 o momento mais importante do futebol:\u00a0n\u00e3o s\u00f3 a gente est\u00e1 feliz, como agora um pa\u00eds inteiro fica feliz por n\u00f3s. A galera gosta de reclamar quando v\u00ea o outro feliz, e o brasileiro \u00e9 sempre muito feliz, ent\u00e3o vamos sempre afetar bastante. Tem muitas comemora\u00e7\u00f5es para fazer ainda. [Tomara] que a gente continue fazendo muitos bailes e jogando bem para chegar \u00e0 final neste ritmo. Que a gente possa seguir com a nossa alegria, porque tem muito mais gente por n\u00f3s, do que contra n\u00f3s&#8221;, concluiu o camisa 20. .\u00a0.<\/p><\/blockquote>\n<p>Para o confronto com a\u00a0Cro\u00e1cia, o lateral-esquerdo Alex Sandro volta a ficar \u00e0 disposi\u00e7\u00e3o depois de se recuperar de les\u00e3o no quadril. O que ainda n\u00e3o foi definido \u00e9 se\u00a0ele\u00a0retorna como titular ou inicia no banco de reservas.<\/p>\n<p>Caso Tite\u00a0opte coloc\u00e1-lo no come\u00e7o do duelo, a tend\u00eancia \u00e9 que \u00c9der Milit\u00e3o seja sacado da equipe, e Danilo jogue na lateral direita, assim como aconteceu na vit\u00f3ria de estreia contra a S\u00e9rvia por 2 a 0.<\/p>\n<p><span style=\"font-weight: 400;\"><br \/>\n<\/span><span style=\"font-weight: 400;\">Fonte: Ag\u00eancia Brasil <\/span><\/p>\n","protected":false},"excerpt":{"rendered":"<p>Em prepara\u00e7\u00e3o para enfrentar a Cro\u00e1cia na\u00a0sexta-feira (9), ao meio-dia (hor\u00e1rio de Bras\u00edlia), pelas quartas de final da Copa do Mundo do Catar, o atacante Vinicius Junior\u00a0descarta\u00a0o\u00a0favoritismo da sele\u00e7\u00e3o brasileira frente ao\u00a0pr\u00f3ximo advers\u00e1rio. O embate decisivo ser\u00e1 no Est\u00e1dio Cidade da Educa\u00e7\u00e3o, na capital Doha. &#8220;Nessa Copa n\u00e3o tem favorito, e a Cro\u00e1cia, na \u00faltima [&hellip;]<\/p>\n","protected":false},"author":246,"featured_media":207508,"comment_status":"closed","ping_status":"closed","sticky":false,"template":"","format":"standard","meta":{"footnotes":""},"categories":[436,440,257,439],"tags":[],"class_list":["post-207507","post","type-post","status-publish","format-standard","has-post-thumbnail","hentry","category-destaque-da-semana","category-destaques-do-dia","category-esporte","category-ultima-hora"],"_links":{"self":[{"href":"https:\/\/diarioregionaldigital.com.br\/index.php?rest_route=\/wp\/v2\/posts\/207507","targetHints":{"allow":["GET"]}}],"collection":[{"href":"https:\/\/diarioregionaldigital.com.br\/index.php?rest_route=\/wp\/v2\/posts"}],"about":[{"href":"https:\/\/diarioregionaldigital.com.br\/index.php?rest_route=\/wp\/v2\/types\/post"}],"author":[{"embeddable":true,"href":"https:\/\/diarioregionaldigital.com.br\/index.php?rest_route=\/wp\/v2\/users\/246"}],"replies":[{"embeddable":true,"href":"https:\/\/diarioregionaldigital.com.br\/index.php?rest_route=%2Fwp%2Fv2%2Fcomments&post=207507"}],"version-history":[{"count":2,"href":"https:\/\/diarioregionaldigital.com.br\/index.php?rest_route=\/wp\/v2\/posts\/207507\/revisions"}],"predecessor-version":[{"id":207510,"href":"https:\/\/diarioregionaldigital.com.br\/index.php?rest_route=\/wp\/v2\/posts\/207507\/revisions\/207510"}],"wp:featuredmedia":[{"embeddable":true,"href":"https:\/\/diarioregionaldigital.com.br\/index.php?rest_route=\/wp\/v2\/media\/207508"}],"wp:attachment":[{"href":"https:\/\/diarioregionaldigital.com.br\/index.php?rest_route=%2Fwp%2Fv2%2Fmedia&parent=207507"}],"wp:term":[{"taxonomy":"category","embeddable":true,"href":"https:\/\/diarioregionaldigital.com.br\/index.php?rest_route=%2Fwp%2Fv2%2Fcategories&post=207507"},{"taxonomy":"post_tag","embeddable":true,"href":"https:\/\/diarioregionaldigital.com.br\/index.php?rest_route=%2Fwp%2Fv2%2Ftags&post=207507"}],"curies":[{"name":"wp","href":"https:\/\/api.w.org\/{rel}","templated":true}]}}