{"id":207504,"date":"2022-12-07T18:57:20","date_gmt":"2022-12-07T21:57:20","guid":{"rendered":"https:\/\/diarioregionaldigital.com.br\/?p=207504"},"modified":"2022-12-07T18:57:20","modified_gmt":"2022-12-07T21:57:20","slug":"senado-aprova-pec-que-proibe-extincao-de-tribunais-de-contas","status":"publish","type":"post","link":"https:\/\/diarioregionaldigital.com.br\/?p=207504","title":{"rendered":"Senado aprova PEC que pro\u00edbe extin\u00e7\u00e3o de tribunais de contas"},"content":{"rendered":"<p>O Senado aprovou hoje (6) uma Proposta de Emenda \u00e0 Constitui\u00e7\u00e3o (PEC) que, na pr\u00e1tica, impede a extin\u00e7\u00e3o de tribunais de contas de estados e munic\u00edpios. O texto estabelece que esses tribunais s\u00e3o \u00f3rg\u00e3os permanentes e essenciais ao controle externo da administra\u00e7\u00e3o p\u00fablica, garantindo sua perenidade. Essa PEC, de autoria do ent\u00e3o senador Eun\u00edcio Oliveira, que n\u00e3o est\u00e1 mais na Casa, foi aprovada em primeiro turno em 2017 e ficou cinco anos aguardando a vota\u00e7\u00e3o em segundo turno. Agora, segue para a C\u00e2mara.<img decoding=\"async\" src=\"https:\/\/agenciabrasil.ebc.com.br\/ebc.png?id=1497133&amp;o=node\" \/><img decoding=\"async\" src=\"https:\/\/agenciabrasil.ebc.com.br\/ebc.gif?id=1497133&amp;o=node\" \/><\/p>\n<p>Atualmente existem 32 tribunais de contas estaduais e municipais, al\u00e9m do Tribunal de Contas da Uni\u00e3o (TCU). A PEC recebeu uma emenda que inclui a proibi\u00e7\u00e3o de que novos tribunais de contas sejam criados. A justificativa foi evitar que a PEC motivasse o surgimento de novos \u00f3rg\u00e3os, provocando gastos adicionais de recursos p\u00fablicos.<\/p>\n<p>A PEC trata dos tribunais de contas estaduais (TCEs), dos tribunais de contas dos munic\u00edpios, al\u00e9m dos tribunais de contas municipais. Existem diferen\u00e7as entre eles, sobretudo os dois \u00faltimos: o Tribunal de Contas dos Munic\u00edpios \u00e9 criado em \u00e2mbito estadual, com compet\u00eancia para fiscalizar contas de todos munic\u00edpios daquele estado a fim de desafogar o trabalho dos TCEs, atuando como for\u00e7a auxiliar desse. J\u00e1 o Tribunal de Contas Municipal se det\u00e9m exclusivamente ao munic\u00edpio em que foi criado.<\/p>\n<p><span style=\"font-weight: 400;\">Fonte: Ag\u00eancia Brasil\u00a0<\/span><span style=\"font-weight: 400;\"><br \/>\n<\/span><\/p>\n","protected":false},"excerpt":{"rendered":"<p>O Senado aprovou hoje (6) uma Proposta de Emenda \u00e0 Constitui\u00e7\u00e3o (PEC) que, na pr\u00e1tica, impede a extin\u00e7\u00e3o de tribunais de contas de estados e munic\u00edpios. O texto estabelece que esses tribunais s\u00e3o \u00f3rg\u00e3os permanentes e essenciais ao controle externo da administra\u00e7\u00e3o p\u00fablica, garantindo sua perenidade. Essa PEC, de autoria do ent\u00e3o senador Eun\u00edcio Oliveira, [&hellip;]<\/p>\n","protected":false},"author":246,"featured_media":207505,"comment_status":"closed","ping_status":"closed","sticky":false,"template":"","format":"standard","meta":{"footnotes":""},"categories":[436,254,439],"tags":[],"class_list":["post-207504","post","type-post","status-publish","format-standard","has-post-thumbnail","hentry","category-destaque-da-semana","category-politica","category-ultima-hora"],"_links":{"self":[{"href":"https:\/\/diarioregionaldigital.com.br\/index.php?rest_route=\/wp\/v2\/posts\/207504","targetHints":{"allow":["GET"]}}],"collection":[{"href":"https:\/\/diarioregionaldigital.com.br\/index.php?rest_route=\/wp\/v2\/posts"}],"about":[{"href":"https:\/\/diarioregionaldigital.com.br\/index.php?rest_route=\/wp\/v2\/types\/post"}],"author":[{"embeddable":true,"href":"https:\/\/diarioregionaldigital.com.br\/index.php?rest_route=\/wp\/v2\/users\/246"}],"replies":[{"embeddable":true,"href":"https:\/\/diarioregionaldigital.com.br\/index.php?rest_route=%2Fwp%2Fv2%2Fcomments&post=207504"}],"version-history":[{"count":1,"href":"https:\/\/diarioregionaldigital.com.br\/index.php?rest_route=\/wp\/v2\/posts\/207504\/revisions"}],"predecessor-version":[{"id":207506,"href":"https:\/\/diarioregionaldigital.com.br\/index.php?rest_route=\/wp\/v2\/posts\/207504\/revisions\/207506"}],"wp:featuredmedia":[{"embeddable":true,"href":"https:\/\/diarioregionaldigital.com.br\/index.php?rest_route=\/wp\/v2\/media\/207505"}],"wp:attachment":[{"href":"https:\/\/diarioregionaldigital.com.br\/index.php?rest_route=%2Fwp%2Fv2%2Fmedia&parent=207504"}],"wp:term":[{"taxonomy":"category","embeddable":true,"href":"https:\/\/diarioregionaldigital.com.br\/index.php?rest_route=%2Fwp%2Fv2%2Fcategories&post=207504"},{"taxonomy":"post_tag","embeddable":true,"href":"https:\/\/diarioregionaldigital.com.br\/index.php?rest_route=%2Fwp%2Fv2%2Ftags&post=207504"}],"curies":[{"name":"wp","href":"https:\/\/api.w.org\/{rel}","templated":true}]}}