{"id":207501,"date":"2022-12-07T18:55:35","date_gmt":"2022-12-07T21:55:35","guid":{"rendered":"https:\/\/diarioregionaldigital.com.br\/?p=207501"},"modified":"2022-12-07T18:55:35","modified_gmt":"2022-12-07T21:55:35","slug":"bruno-pereira-e-dom-phillips-sao-homenageados-pela-camara","status":"publish","type":"post","link":"https:\/\/diarioregionaldigital.com.br\/?p=207501","title":{"rendered":"Bruno Pereira e Dom Phillips s\u00e3o homenageados pela C\u00e2mara"},"content":{"rendered":"<p>O indigenista Bruno Pereira e o jornalista brit\u00e2nico Dom Phillips &#8211; assassinados em junho deste ano no Vale do Javari, no Amazonas &#8211; foram homenageados hoje (7), em Bras\u00edlia, com a Medalha M\u00e9rito Legislativo, concedida pela C\u00e2mara dos Deputados.<img decoding=\"async\" src=\"https:\/\/agenciabrasil.ebc.com.br\/ebc.png?id=1497298&amp;o=node\" \/><img decoding=\"async\" src=\"https:\/\/agenciabrasil.ebc.com.br\/ebc.gif?id=1497298&amp;o=node\" \/><\/p>\n<p>Em sess\u00e3o solene no plen\u00e1rio da Casa, eles foram representados por suas esposas, a antrop\u00f3loga Clarisse Jabour e Alessandra Farias Sampaio, respectivamente.\u00a0\u00a0\u201cO legado dos dois em defesa dos povos origin\u00e1rios e da Amaz\u00f4nia jamais ser\u00e1 esquecido\u201d, disse o deputado Reginaldo Lopes (PT-MG) em sua conta no Twitter.<\/p>\n<p>Outras 29 medalhas foram entregues a pessoas ou entidades. Entre os agraciados tamb\u00e9m est\u00e3o a primeira-dama, Michelle Bolsonaro, o ministro da Sa\u00fade, Marcelo Queiroga, o padre J\u00falio Lancellotti, o jurista Ives Gandra Martins e o general Carlos Alberto Santa Cruz.<\/p>\n<h2>A medalha<\/h2>\n<p>Criada em 1983, a Medalha M\u00e9rito Legislativo \u00e9 conferida pela Mesa Diretora da C\u00e2mara para condecorar autoridades, personalidades, institui\u00e7\u00f5es ou entidades, campanhas, programas ou movimentos de cunho social, civil ou militar, nacionais ou estrangeiros, que tenham prestado servi\u00e7os relevantes ao Poder Legislativo ou ao Brasil.<\/p>\n<p>Saiba quem foram os condecorados com a Medalha M\u00e9rito Legislativo 2022:<\/p>\n<p>Ag\u00eancia Nacional de Transporte Terrestres (ANTT)<\/p>\n<p>Alessandro Rodrigo Paschoal &#8211; Bispo da Igreja Universal<\/p>\n<p>\u00c1lvaro Al\u00e9n Sanches &#8211; presidente da Assembleia de Deus Miss\u00e3o aos Povos, em Uberl\u00e2ndia<\/p>\n<p>Antonio Eduardo Gon\u00e7alves de Rueda &#8211; vice-presidente do Uni\u00e3o Brasil<\/p>\n<p>Associa\u00e7\u00e3o Brasileira das Empresas A\u00e9reas (Abear)<\/p>\n<p>Associa\u00e7\u00e3o Livres<\/p>\n<p>Bruno da Cunha Ara\u00fajo Pereira &#8211; Indigenista e servidor de carreira da Funai<\/p>\n<p>Carlos Alberto dos Santos Cruz &#8211; General do Ex\u00e9rcito do Brasil<\/p>\n<p>Carlos Roberto Martins Rodrigues Sobrinho &#8211; M\u00e9dico e professor da Universidade Federal do Cear\u00e1 (UFCE)<\/p>\n<p>Dom Jacinto In\u00e1cio Flach &#8211; Bispo Diocesano de Crici\u00fama<\/p>\n<p>Dom Walmor Oliveira de Azevedo &#8211; Arcebispo Metropolitano de Belo Horizonte e presidente da Confer\u00eancia Nacional dos Bispos do Brasil (CNBB)<\/p>\n<p>Dominic Mark Phillips (Dom Phillips) &#8211; Jornalista brit\u00e2nico<\/p>\n<p>Eduardo Barbosa &#8211; Deputado federal (PSDB-MG)<\/p>\n<p>Francisco Lopes da Silva (Chico Lopes) &#8211; Ex-deputado federal<\/p>\n<p>Hospital e Maternidade Santa Maria (Instituto Social Medianeiras da Paz)<\/p>\n<p>Igreja de Deus Sociedade Mission\u00e1ria Mundial<\/p>\n<p><span style=\"font-weight: 400;\">Fonte: Ag\u00eancia Brasil <\/span><\/p>\n","protected":false},"excerpt":{"rendered":"<p>O indigenista Bruno Pereira e o jornalista brit\u00e2nico Dom Phillips &#8211; assassinados em junho deste ano no Vale do Javari, no Amazonas &#8211; foram homenageados hoje (7), em Bras\u00edlia, com a Medalha M\u00e9rito Legislativo, concedida pela C\u00e2mara dos Deputados. Em sess\u00e3o solene no plen\u00e1rio da Casa, eles foram representados por suas esposas, a antrop\u00f3loga Clarisse [&hellip;]<\/p>\n","protected":false},"author":246,"featured_media":207502,"comment_status":"closed","ping_status":"closed","sticky":false,"template":"","format":"standard","meta":{"footnotes":""},"categories":[436,254,439],"tags":[],"class_list":["post-207501","post","type-post","status-publish","format-standard","has-post-thumbnail","hentry","category-destaque-da-semana","category-politica","category-ultima-hora"],"_links":{"self":[{"href":"https:\/\/diarioregionaldigital.com.br\/index.php?rest_route=\/wp\/v2\/posts\/207501","targetHints":{"allow":["GET"]}}],"collection":[{"href":"https:\/\/diarioregionaldigital.com.br\/index.php?rest_route=\/wp\/v2\/posts"}],"about":[{"href":"https:\/\/diarioregionaldigital.com.br\/index.php?rest_route=\/wp\/v2\/types\/post"}],"author":[{"embeddable":true,"href":"https:\/\/diarioregionaldigital.com.br\/index.php?rest_route=\/wp\/v2\/users\/246"}],"replies":[{"embeddable":true,"href":"https:\/\/diarioregionaldigital.com.br\/index.php?rest_route=%2Fwp%2Fv2%2Fcomments&post=207501"}],"version-history":[{"count":1,"href":"https:\/\/diarioregionaldigital.com.br\/index.php?rest_route=\/wp\/v2\/posts\/207501\/revisions"}],"predecessor-version":[{"id":207503,"href":"https:\/\/diarioregionaldigital.com.br\/index.php?rest_route=\/wp\/v2\/posts\/207501\/revisions\/207503"}],"wp:featuredmedia":[{"embeddable":true,"href":"https:\/\/diarioregionaldigital.com.br\/index.php?rest_route=\/wp\/v2\/media\/207502"}],"wp:attachment":[{"href":"https:\/\/diarioregionaldigital.com.br\/index.php?rest_route=%2Fwp%2Fv2%2Fmedia&parent=207501"}],"wp:term":[{"taxonomy":"category","embeddable":true,"href":"https:\/\/diarioregionaldigital.com.br\/index.php?rest_route=%2Fwp%2Fv2%2Fcategories&post=207501"},{"taxonomy":"post_tag","embeddable":true,"href":"https:\/\/diarioregionaldigital.com.br\/index.php?rest_route=%2Fwp%2Fv2%2Ftags&post=207501"}],"curies":[{"name":"wp","href":"https:\/\/api.w.org\/{rel}","templated":true}]}}