{"id":207498,"date":"2022-12-07T18:54:02","date_gmt":"2022-12-07T21:54:02","guid":{"rendered":"https:\/\/diarioregionaldigital.com.br\/?p=207498"},"modified":"2022-12-07T18:54:02","modified_gmt":"2022-12-07T21:54:02","slug":"na-camara-ministro-do-gsi-diz-que-pais-vive-situacao-esdruxula","status":"publish","type":"post","link":"https:\/\/diarioregionaldigital.com.br\/?p=207498","title":{"rendered":"Na C\u00e2mara, ministro do GSI diz que pa\u00eds vive \u201csitua\u00e7\u00e3o esdr\u00faxula\u201d"},"content":{"rendered":"<p>O\u00a0ministro do Gabinete de Seguran\u00e7a Institucional (GSI),\u00a0Augusto Heleno, foi questionado, nesta\u00a0quarta-feira (7), sobre o reconhecimento do resultado das elei\u00e7\u00f5es presidenciais realizadas em outubro.\u00a0A pergunta foi feita pelo deputado federal Elias Vaz (PSB-GO), durante audi\u00eancia p\u00fablica da Comiss\u00e3o de Fiscaliza\u00e7\u00e3o Financeira e Controle (CCFC) da C\u00e2mara.<img decoding=\"async\" src=\"https:\/\/agenciabrasil.ebc.com.br\/ebc.png?id=1497292&amp;o=node\" \/><img decoding=\"async\" src=\"https:\/\/agenciabrasil.ebc.com.br\/ebc.gif?id=1497292&amp;o=node\" \/><\/p>\n<p>O ministro\u00a0foi convocado a prestar esclarecimentos \u00e0 comiss\u00e3o\u00a0sobre\u00a0&#8220;ataques&#8221;\u00a0em 7 de setembro\u00a0\u2013 Dia da Independ\u00eancia do Brasil &#8211; e &#8220;escalada de\u00a0viol\u00eancia pela extrema-direita&#8221;.<\/p>\n<p>No segundo turno das elei\u00e7\u00f5es, em\u00a030 de outubro, o ex-presidente Luiz In\u00e1cio Lula da Silva foi eleito com 50,90% dos votos v\u00e1lidos, enquanto o presidente Jair Bolsonaro, que tentava a reelei\u00e7\u00e3o, obteve 49,10%.<\/p>\n<p>\u201cEssas outras coisas\u00a0que o senhor falou a\u00ed\u00a0est\u00e3o dentro de um contexto em que muitos n\u00e3o reconhecem o resultado eleitoral, e estamos esperando\u00a0solu\u00e7\u00e3o para\u00a0algumas coisas que foram pleiteadas. Foram normalmente ignoradas pelo TSE [Tribunal Superior Eleitoral], pelo pr\u00f3prio STF [Supremo Tribunal Federal], e estamos vivendo uma situa\u00e7\u00e3o esdr\u00faxula no Brasil, que n\u00e3o merece coment\u00e1rio agora porque n\u00e3o \u00e9 o motivo da convoca\u00e7\u00e3o\u201d, respondeu o general.<\/p>\n<h2>Manifesta\u00e7\u00f5es<\/h2>\n<p>Ao falar sobre as\u00a0manifesta\u00e7\u00f5es\u00a0do dia\u00a07 de setembro, o chefe do GSI avaliou que foram atos democr\u00e1ticos e controlados.\u00a0\u201cFelizmente, contrariando alguns progn\u00f3sticos pessimistas, os fatos do dia\u00a07 de setembro\u00a0foram muito tranquilos, conduzidos de forma democr\u00e1tica, de forma muito controlada. Absolutamente dentro dos padr\u00f5es de uma manifesta\u00e7\u00e3o que ocorre em qualquer pa\u00eds democr\u00e1tico do mundo.\u201d<\/p>\n<div class=\"dnd-widget-wrapper context-cheio_8colunas type-image\">\n<div class=\"dnd-atom-rendered\">\n<div class=\"shadow overflow-hidden rounded-lg d-block zoom-on-hover-sm shadow-hover w-100\"><img decoding=\"async\" class=\"flex-fill img-cover\" title=\"Marcelo Camargo\/Ag\u00eancia Brasil\" src=\"https:\/\/imagens.ebc.com.br\/Ve4beb34H5c3v-jc6iBEePHhyPQ=\/754x0\/smart\/https:\/\/agenciabrasil.ebc.com.br\/sites\/default\/files\/thumbnails\/image\/general-heleno_mcamgo_abr_071220221818-9.jpg?itok=_FQmejNT\" alt=\"O ministro do Gabinete de Seguran\u00e7a Institucional (GSI), general Augusto Heleno, durante audi\u00eancia da Comiss\u00e3o de Fiscaliza\u00e7\u00e3o Financeira e Controle da C\u00e2mara dos Deputados.\" \/><\/div>\n<\/div>\n<div class=\"dnd-caption-wrapper\">\n<div class=\"meta\">O ministro do Gabinete de Seguran\u00e7a Institucional (GSI), general Augusto Heleno, durante audi\u00eancia da Comiss\u00e3o de Fiscaliza\u00e7\u00e3o Financeira e Controle da C\u00e2mara dos Deputados. &#8211;\u00a0<strong>Marcelo Camargo\/Ag\u00eancia Brasil<\/strong><\/div>\n<\/div>\n<\/div>\n<p>Durante a audi\u00eancia, o trabalho do militar \u00e0 frente do GSI foi bastante elogiado por parlamentares governistas.\u00a0O presidente do TSE, Alexandre de Moraes, foi um dos\u00a0principais alvos\u00a0de cr\u00edticas do grupo. \u201cO Senado, ali do outro lado da rua, deveria pautar os pedidos de\u00a0<em>impeachment<\/em>\u00a0que, porventura, n\u00e3o estejam pisando dentro das quatro linhas da Constitui\u00e7\u00e3o\u201d,\u00a0disse\u00a0o deputado Eduardo Bolsonaro (PL-SP),\u00a0que participou do in\u00edcio da audi\u00eancia.<\/p>\n<h2>Convoca\u00e7\u00e3o<\/h2>\n<p>Em novembro, Augusto\u00a0Heleno\u00a0havia sido convidado a comparecer \u00e0 comiss\u00e3o para prestar esclarecimentos sobre suposta interfer\u00eancia, por parte da Ag\u00eancia Brasileira de Intelig\u00eancia (Abin), em investiga\u00e7\u00e3o conduzida pela Pol\u00edcia Federal envolvendo Jair Renan Bolsonaro, filho do presidente Jair Bolsonaro,\u00a0por\u00a0tr\u00e1fico\u00a0de influ\u00eancia,\u00a0mas,\u00a0sob a\u00a0alega\u00e7\u00e3o de\u00a0problemas de sa\u00fade,\u00a0ele\u00a0n\u00e3o compareceu. A audi\u00eancia havia sido solicitada pelo deputado Ivan Valente (PSOL-SP).<\/p>\n<p>Por causa da aus\u00eancia nesse dia, o colegiado aprovou a convoca\u00e7\u00e3o do chefe do GSI. A audi\u00eancia de\u00a0hoje\u00a0foi\u00a0resultado\u00a0de um requerimento\u00a0do 1\u00ba vice-presidente da comiss\u00e3o, deputado federal Aureo Ribeiro (Solidariedade-RJ),\u00a0aprovado pelo colegiado.<\/p>\n<p><span style=\"font-weight: 400;\">Fonte: Ag\u00eancia Brasil <\/span><\/p>\n","protected":false},"excerpt":{"rendered":"<p>O\u00a0ministro do Gabinete de Seguran\u00e7a Institucional (GSI),\u00a0Augusto Heleno, foi questionado, nesta\u00a0quarta-feira (7), sobre o reconhecimento do resultado das elei\u00e7\u00f5es presidenciais realizadas em outubro.\u00a0A pergunta foi feita pelo deputado federal Elias Vaz (PSB-GO), durante audi\u00eancia p\u00fablica da Comiss\u00e3o de Fiscaliza\u00e7\u00e3o Financeira e Controle (CCFC) da C\u00e2mara. O ministro\u00a0foi convocado a prestar esclarecimentos \u00e0 comiss\u00e3o\u00a0sobre\u00a0&#8220;ataques&#8221;\u00a0em 7 de [&hellip;]<\/p>\n","protected":false},"author":246,"featured_media":207499,"comment_status":"closed","ping_status":"closed","sticky":false,"template":"","format":"standard","meta":{"footnotes":""},"categories":[436,254,439],"tags":[],"class_list":["post-207498","post","type-post","status-publish","format-standard","has-post-thumbnail","hentry","category-destaque-da-semana","category-politica","category-ultima-hora"],"_links":{"self":[{"href":"https:\/\/diarioregionaldigital.com.br\/index.php?rest_route=\/wp\/v2\/posts\/207498","targetHints":{"allow":["GET"]}}],"collection":[{"href":"https:\/\/diarioregionaldigital.com.br\/index.php?rest_route=\/wp\/v2\/posts"}],"about":[{"href":"https:\/\/diarioregionaldigital.com.br\/index.php?rest_route=\/wp\/v2\/types\/post"}],"author":[{"embeddable":true,"href":"https:\/\/diarioregionaldigital.com.br\/index.php?rest_route=\/wp\/v2\/users\/246"}],"replies":[{"embeddable":true,"href":"https:\/\/diarioregionaldigital.com.br\/index.php?rest_route=%2Fwp%2Fv2%2Fcomments&post=207498"}],"version-history":[{"count":1,"href":"https:\/\/diarioregionaldigital.com.br\/index.php?rest_route=\/wp\/v2\/posts\/207498\/revisions"}],"predecessor-version":[{"id":207500,"href":"https:\/\/diarioregionaldigital.com.br\/index.php?rest_route=\/wp\/v2\/posts\/207498\/revisions\/207500"}],"wp:featuredmedia":[{"embeddable":true,"href":"https:\/\/diarioregionaldigital.com.br\/index.php?rest_route=\/wp\/v2\/media\/207499"}],"wp:attachment":[{"href":"https:\/\/diarioregionaldigital.com.br\/index.php?rest_route=%2Fwp%2Fv2%2Fmedia&parent=207498"}],"wp:term":[{"taxonomy":"category","embeddable":true,"href":"https:\/\/diarioregionaldigital.com.br\/index.php?rest_route=%2Fwp%2Fv2%2Fcategories&post=207498"},{"taxonomy":"post_tag","embeddable":true,"href":"https:\/\/diarioregionaldigital.com.br\/index.php?rest_route=%2Fwp%2Fv2%2Ftags&post=207498"}],"curies":[{"name":"wp","href":"https:\/\/api.w.org\/{rel}","templated":true}]}}