{"id":207495,"date":"2022-12-07T18:52:03","date_gmt":"2022-12-07T21:52:03","guid":{"rendered":"https:\/\/diarioregionaldigital.com.br\/?p=207495"},"modified":"2022-12-07T18:52:03","modified_gmt":"2022-12-07T21:52:03","slug":"posse-de-lula-ja-tem-presenca-confirmada-de-12-chefes-de-estado","status":"publish","type":"post","link":"https:\/\/diarioregionaldigital.com.br\/?p=207495","title":{"rendered":"Posse de Lula j\u00e1 tem presen\u00e7a confirmada de 12 chefes de Estado"},"content":{"rendered":"<p>Todos os chefes de Estado e de governo dos pa\u00edses que t\u00eam rela\u00e7\u00f5es diplom\u00e1ticas com o Brasil foram convidados para a posse do presidente eleito, Luiz In\u00e1cio Lula da Silva, no dia 1\u00ba de janeiro de 2023, em Bras\u00edlia. Os convites foram feitos, oficialmente, na \u00faltima segunda-feira (5), pelo Minist\u00e9rio das Rela\u00e7\u00f5es Exteriores \u00e0s embaixadas em Bras\u00edlia e \u00e0s representa\u00e7\u00f5es no exterior.<img decoding=\"async\" src=\"https:\/\/agenciabrasil.ebc.com.br\/ebc.png?id=1497288&amp;o=node\" \/><img decoding=\"async\" src=\"https:\/\/agenciabrasil.ebc.com.br\/ebc.gif?id=1497288&amp;o=node\" \/><\/p>\n<p>Segundo o embaixador Fernando Lu\u00eds Lemos Igreja, chefe de cerimonial da posse, 12 chefes de Estado e de governo j\u00e1 confirmaram presen\u00e7a: os presidentes de Alemanha, Angola, Argentina, Bol\u00edvia, Cabo Verde, Chile, Col\u00f4mbia, Costa Rica, Guin\u00e9-Bissau, Portugal e Timor Leste, al\u00e9m do rei da Espanha. Tamb\u00e9m h\u00e1 confirma\u00e7\u00f5es de autoridades em outros n\u00edveis, como chanceleres.<\/p>\n<p>Como o governo do presidente Jair Bolsonaro rompeu rela\u00e7\u00f5es diplom\u00e1ticas com o governo da Venezuela, o presidente do pa\u00eds, Nicol\u00e1s Maduro, n\u00e3o foi convidado pelo Itamaraty. De acordo com Igreja, essa quest\u00e3o ainda est\u00e1 sendo discutida por meio do grupo de trabalho de Organiza\u00e7\u00e3o da Posse, da equipe de transi\u00e7\u00e3o.<\/p>\n<p>A coordenadora do grupo e futura primeira-dama, Janja Lula da Silva, e outros integrantes participaram de entrevista coletiva nesta quarta-feira no Centro Cultural Banco do Brasil. Segundo Janja, a expectativa \u00e9 que 300 mil pessoas participem da festa da posse na capital federal, evento que est\u00e1 sendo chamado de Festival do Futuro.<\/p>\n<p>A posse institucional seguir\u00e1 o protocolo tradicional, come\u00e7ando com o desfile do novo presidente em carro aberto pela Esplanada dos Minist\u00e9rios e chegando ao Congresso Nacional, para a posse oficial, no plen\u00e1rio do Senado, que deve ocorrer por volta das 14h30.<\/p>\n<p>Depois, o presidente segue para o Pal\u00e1cio do Planalto, onde recebe a faixa presidencial, faz o discurso no Parlat\u00f3rio e recebe cumprimentos dos chefes de Estado e de governo presentes na cerim\u00f4nia. De acordo com Janja, a estimativa \u00e9 que tais protocolos se encerrem at\u00e9 18h30, para que comecem os\u00a0<em>shows<\/em>\u00a0programados para a Esplanada.<\/p>\n<p>\u00c0s 19h30, est\u00e1 prevista recep\u00e7\u00e3o \u00e0s delega\u00e7\u00f5es estrangeiras no Pal\u00e1cio do Itamaraty.<\/p>\n<p>A seguran\u00e7a do p\u00fablico \u00e9 uma grande preocupa\u00e7\u00e3o da equipe de transi\u00e7\u00e3o. Na semana passada, Janja e o vice-presidente eleito, Geraldo Alckmin, reuniram-se com o governador do Distrito Federal, Ibaneis Rocha, para tratar do assunto. Segundo Janja, todas as for\u00e7as de seguran\u00e7a envolvidas, locais e federais, atuam para que a posse \u201cocorra da forma mais tranquila poss\u00edvel\u201d.<\/p>\n<h2>Produ\u00e7\u00e3o de ru\u00eddos<\/h2>\n<p>Um dos protocolos da posse \u00e9 a salva de 21 tiros de canh\u00e3o, que ocorre durante a cerim\u00f4nia no Congresso Nacional. De acordo com Janja, representantes de institui\u00e7\u00f5es de pessoas com autismo e pessoas com defici\u00eancia pediram revis\u00e3o desse protocolo, pois o barulho pode perturbar pessoas nessas condi\u00e7\u00f5es, bem como crian\u00e7as e idosos, al\u00e9m de animais.<\/p>\n<p>Janja disse que a demanda foi considerada e ser\u00e1 discutida com o cerimonial do Senado, para encontrar alternativas aos tiros de canh\u00e3o. Da mesma forma, fogos de artif\u00edcio, se forem utilizados, ser\u00e3o aqueles que n\u00e3o produzem ru\u00eddos.<\/p>\n<h2>Exposi\u00e7\u00e3o<\/h2>\n<p>A novidade anunciada nesta quarta-feira \u00e9 a exposi\u00e7\u00e3o\u00a0<em>Brasil do Futuro \u2013 As Formas da Democracia<\/em>, que ter\u00e1 obras de artistas cl\u00e1ssicos e contempor\u00e2neos. A exposi\u00e7\u00e3o ser\u00e1 no Museu da Rep\u00fablica e ficar\u00e1 montada durante todo o m\u00eas de janeiro.<\/p>\n<p>O gestor cultural M\u00e1rcio Tavares informou que a mostra ter\u00e1 obras do acervo do pr\u00f3prio Museu da Rep\u00fablica, da Presid\u00eancia da Rep\u00fablica e de outros museus do pa\u00eds, al\u00e9m da colabora\u00e7\u00e3o de galerias e artistas. \u201cA exposi\u00e7\u00e3o tem um sentido especial porque \u00e9 o momento da posse que permanece ap\u00f3s ela acontecer, simbolizando um novo cuidado com o patrim\u00f4nio art\u00edstico e valoriza\u00e7\u00e3o dos artistas brasileiros\u201d, afirmou.<\/p>\n<h2>Artistas confirmados<\/h2>\n<p>O PT lan\u00e7ou, nesta quarta-feira, uma campanha de arrecada\u00e7\u00e3o para a festa da posse de Lula.\u00a0O valor arrecadado ser\u00e1 usado no transporte, alojamento e acolhimento das caravanas que v\u00eam a Bras\u00edlia, na montagem da estrutura dos shows e atra\u00e7\u00f5es do festival, no refor\u00e7o da seguran\u00e7a, nas exibi\u00e7\u00f5es culturais, entre outros.<\/p>\n<p>As \u00faltimas atra\u00e7\u00f5es anunciadas para o Festival do Futuro foram Paulo Miklos, Z\u00e9lia Duncan, Thalma de Freitas, Francisco el Hombre, Jards Macal\u00e9 e Geraldo Azevedo. Na semana passada, j\u00e1 haviam sido confirmados Kleber Lucas, Leonardo Gon\u00e7alves, Margareth Menezes e Paulinho da Viola. Titi M\u00fcller e Paulo Vieira far\u00e3o a transmiss\u00e3o do evento.<\/p>\n<p>No total, mais de 20 artistas v\u00e3o se apresentar em dois palcos batizados de Gal Costa e Elza Soares, em homenagem a dois grandes nomes da m\u00fasica e da cultura brasileira que faleceram em 2022. Os primeiros nomes anunciados, de diversos g\u00eaneros e regi\u00f5es do Brasil, foram Pablo Vittar, BaianaSystem, Gabi Amarantos, Duda Beat, Martinho da Vila, Os Gilsons, Luedji Luna, Tereza Cristina, Fernanda Takai, Johnny Hooker, Marcelo Jeneci, Odair Jos\u00e9, Otto, Tulipa Ruiz, Maria Rita, Alm\u00e9rio, Valesca Popozuda e Juliano Maderada.<\/p>\n<p><span style=\"font-weight: 400;\">Fonte: Ag\u00eancia Brasil <\/span><\/p>\n","protected":false},"excerpt":{"rendered":"<p>Todos os chefes de Estado e de governo dos pa\u00edses que t\u00eam rela\u00e7\u00f5es diplom\u00e1ticas com o Brasil foram convidados para a posse do presidente eleito, Luiz In\u00e1cio Lula da Silva, no dia 1\u00ba de janeiro de 2023, em Bras\u00edlia. Os convites foram feitos, oficialmente, na \u00faltima segunda-feira (5), pelo Minist\u00e9rio das Rela\u00e7\u00f5es Exteriores \u00e0s embaixadas [&hellip;]<\/p>\n","protected":false},"author":246,"featured_media":207496,"comment_status":"closed","ping_status":"closed","sticky":false,"template":"","format":"standard","meta":{"footnotes":""},"categories":[436,440,254,439],"tags":[],"class_list":["post-207495","post","type-post","status-publish","format-standard","has-post-thumbnail","hentry","category-destaque-da-semana","category-destaques-do-dia","category-politica","category-ultima-hora"],"_links":{"self":[{"href":"https:\/\/diarioregionaldigital.com.br\/index.php?rest_route=\/wp\/v2\/posts\/207495","targetHints":{"allow":["GET"]}}],"collection":[{"href":"https:\/\/diarioregionaldigital.com.br\/index.php?rest_route=\/wp\/v2\/posts"}],"about":[{"href":"https:\/\/diarioregionaldigital.com.br\/index.php?rest_route=\/wp\/v2\/types\/post"}],"author":[{"embeddable":true,"href":"https:\/\/diarioregionaldigital.com.br\/index.php?rest_route=\/wp\/v2\/users\/246"}],"replies":[{"embeddable":true,"href":"https:\/\/diarioregionaldigital.com.br\/index.php?rest_route=%2Fwp%2Fv2%2Fcomments&post=207495"}],"version-history":[{"count":1,"href":"https:\/\/diarioregionaldigital.com.br\/index.php?rest_route=\/wp\/v2\/posts\/207495\/revisions"}],"predecessor-version":[{"id":207497,"href":"https:\/\/diarioregionaldigital.com.br\/index.php?rest_route=\/wp\/v2\/posts\/207495\/revisions\/207497"}],"wp:featuredmedia":[{"embeddable":true,"href":"https:\/\/diarioregionaldigital.com.br\/index.php?rest_route=\/wp\/v2\/media\/207496"}],"wp:attachment":[{"href":"https:\/\/diarioregionaldigital.com.br\/index.php?rest_route=%2Fwp%2Fv2%2Fmedia&parent=207495"}],"wp:term":[{"taxonomy":"category","embeddable":true,"href":"https:\/\/diarioregionaldigital.com.br\/index.php?rest_route=%2Fwp%2Fv2%2Fcategories&post=207495"},{"taxonomy":"post_tag","embeddable":true,"href":"https:\/\/diarioregionaldigital.com.br\/index.php?rest_route=%2Fwp%2Fv2%2Ftags&post=207495"}],"curies":[{"name":"wp","href":"https:\/\/api.w.org\/{rel}","templated":true}]}}