{"id":207489,"date":"2022-12-07T18:46:58","date_gmt":"2022-12-07T21:46:58","guid":{"rendered":"https:\/\/diarioregionaldigital.com.br\/?p=207489"},"modified":"2022-12-07T18:46:58","modified_gmt":"2022-12-07T21:46:58","slug":"bndes-e-um-hub-de-desenvolvimento-para-o-brasil-diz-montezano","status":"publish","type":"post","link":"https:\/\/diarioregionaldigital.com.br\/?p=207489","title":{"rendered":"BNDES \u00e9 um hub de desenvolvimento para o Brasil, diz Montezano"},"content":{"rendered":"<div class=\"post-item-wrap\">\n<p>O presidente do BNDES, Gustavo Montezano, disse que nos tr\u00eas anos que passou \u00e0 frente da institui\u00e7\u00e3o aprendeu que n\u00e3o se deve subestimar o banco, porque sempre que isso ocorreu os resultados foram surpreendentes. De acordo com Montezano, o BNDES tem que ser visto como um hub de desenvolvimento multidimensional para o Brasil, onde o capital financeiro \u00e9 importante, mas h\u00e1 a capacidade de absorver e processar informa\u00e7\u00e3o de forma clara, criar e irradiar inova\u00e7\u00e3o, n\u00e3o h\u00e1 institui\u00e7\u00e3o semelhante para faz\u00ea-lo como o BNDES.<img decoding=\"async\" src=\"https:\/\/agenciabrasil.ebc.com.br\/ebc.png?id=1497315&amp;o=node\" \/><img decoding=\"async\" src=\"https:\/\/agenciabrasil.ebc.com.br\/ebc.gif?id=1497315&amp;o=node\" \/><\/p>\n<p>\u201cN\u00e3o subestime o BNDES. Se o banco fosse uma empresa listada, a gente diria em um termo de mercado, n\u00e3o shorteia [o termo vem da palavra short de origem no ingl\u00eas, para designar opera\u00e7\u00f5es de compra e venda de ativos no mercado de capitais] a nossa a\u00e7\u00e3o, porque todas as vezes que de alguma forma eu ou qualquer pessoa do banco, funcion\u00e1rio, conselheiro subestimou o banco, a gente errou. O banco surpreendeu e surpreendeu para cima\u201d, apontou\u00a0durante a abertura do encontro\u00a0BNDES Day, promovido pela institui\u00e7\u00e3o e pelo Minist\u00e9rio da Economia, na sede do banco, no centro do Rio.<\/p>\n<p>O diretor de Pessoas e Cultura do BNDES, Rodrigo Aquino,\u00a0lembrou que, por tr\u00e1s das conquistas do banco, est\u00e3o os que trabalham l\u00e1 e se esfor\u00e7am para garantir a fun\u00e7\u00e3o do BNDES. \u201cN\u00e3o shorteie o BNDES, porque quando se desafia o empregado do BNDES, ele responde sempre e\u00a0muito acima da expectativa. A gente est\u00e1 aqui, somos uma institui\u00e7\u00e3o de Estado e temos uma das miss\u00f5es mais nobres\u201d, disse o diretor que tamb\u00e9m \u00e9 empregado de carreira da institui\u00e7\u00e3o.<\/p>\n<p>Ainda na abertura,\u00a0Montezano\u00a0disse esperar que, ao fim dos dois dias de BNDES Day, a institui\u00e7\u00e3o seja um banco mais aberto\u00a0e focado no desenvolvimento multidimensional. \u201cO objetivo principal deste nosso evento \u00e9 fazer o nosso BNDES cada vez mais aberto. O BNDES aberto traduz muito do que a gente enxerga como filosofia para um banco de desenvolvimento&#8221;, disse, acrescentando que o mundo vai continuar mudando muito r\u00e1pido e\u00a0ter\u00a0um banco integrado com a sociedade criando inova\u00e7\u00f5es, abrindo mercado e trabalhando com parceiros \u00e9 algo primordial para a institui\u00e7\u00e3o e para o Brasil.<\/p>\n<p>Segundo o presidente,\u00a0basear o desenvolvimento apenas na dimens\u00e3o financeira foi \u00fatil durante determinada \u00e9poca, mas que isso j\u00e1 ficou para tr\u00e1s. \u201cEsse BNDES tem que estar pensando na quantidade de pessoas com conex\u00e3o no saneamento, em popula\u00e7\u00e3o brasileira com acesso \u00e0 banda larga, escolas adequadamente capacitadas, informa\u00e7\u00e3o de IDH [\u00cdndice de Desenvolvimento Humano]\u00a0de munic\u00edpios em v\u00e1rios rinc\u00f5es do Brasil\u201d, apontou.<\/p>\n<h2>Legado<\/h2>\n<p>Sem mencionar os valores, o presidente disse\u00a0que o banco atualmente tem \u201ca maior carteira de concess\u00e3o do planeta em privatiza\u00e7\u00e3o\u201d com destaque para os ativos ambientais.<\/p>\n<p>Montezano afirmou que o BNDES voltou a estar entre as 100 marcas mais valiosas do Brasil e ressaltou que a atua\u00e7\u00e3o do banco atendeu a todas as esferas pol\u00edticas do pa\u00eds. \u201cDo Amap\u00e1 ao Rio Grande do Sul, o banco atendeu e continua atendendo todas as ideologias, todos os partidos de forma independente, neutra e t\u00e9cnica como tem que ser um banco de Estado como o BNDES\u201d, assegurou.<\/p>\n<p>\u201cTemos esse grande orgulho de deixar este legado para o Brasil. Um banco que h\u00e1 seis anos atr\u00e1s era questionado reputacionalmente, era questionado estrategicamente e passou por diversos desdobramentos gerenciais. O que a gente enxerga para a frente \u00e9 um BNDES plenamente capacitado para fazer a sua fun\u00e7\u00e3o de banco de desenvolvimento nesse mundo em que a \u00fanica certeza \u00e9 o desconhecimento e sem deixar de lado os grandes desafios que o banco ainda tem\u201d, concluiu.<\/p>\n<\/div>\n<p class=\"alt-font font-italic my-2 small text-info\"><span style=\"font-weight: 400;\">Fonte: Ag\u00eancia Brasil <\/span><\/p>\n","protected":false},"excerpt":{"rendered":"<p>O presidente do BNDES, Gustavo Montezano, disse que nos tr\u00eas anos que passou \u00e0 frente da institui\u00e7\u00e3o aprendeu que n\u00e3o se deve subestimar o banco, porque sempre que isso ocorreu os resultados foram surpreendentes. De acordo com Montezano, o BNDES tem que ser visto como um hub de desenvolvimento multidimensional para o Brasil, onde o [&hellip;]<\/p>\n","protected":false},"author":246,"featured_media":207490,"comment_status":"closed","ping_status":"closed","sticky":false,"template":"","format":"standard","meta":{"footnotes":""},"categories":[436,261,439],"tags":[],"class_list":["post-207489","post","type-post","status-publish","format-standard","has-post-thumbnail","hentry","category-destaque-da-semana","category-economia","category-ultima-hora"],"_links":{"self":[{"href":"https:\/\/diarioregionaldigital.com.br\/index.php?rest_route=\/wp\/v2\/posts\/207489","targetHints":{"allow":["GET"]}}],"collection":[{"href":"https:\/\/diarioregionaldigital.com.br\/index.php?rest_route=\/wp\/v2\/posts"}],"about":[{"href":"https:\/\/diarioregionaldigital.com.br\/index.php?rest_route=\/wp\/v2\/types\/post"}],"author":[{"embeddable":true,"href":"https:\/\/diarioregionaldigital.com.br\/index.php?rest_route=\/wp\/v2\/users\/246"}],"replies":[{"embeddable":true,"href":"https:\/\/diarioregionaldigital.com.br\/index.php?rest_route=%2Fwp%2Fv2%2Fcomments&post=207489"}],"version-history":[{"count":1,"href":"https:\/\/diarioregionaldigital.com.br\/index.php?rest_route=\/wp\/v2\/posts\/207489\/revisions"}],"predecessor-version":[{"id":207491,"href":"https:\/\/diarioregionaldigital.com.br\/index.php?rest_route=\/wp\/v2\/posts\/207489\/revisions\/207491"}],"wp:featuredmedia":[{"embeddable":true,"href":"https:\/\/diarioregionaldigital.com.br\/index.php?rest_route=\/wp\/v2\/media\/207490"}],"wp:attachment":[{"href":"https:\/\/diarioregionaldigital.com.br\/index.php?rest_route=%2Fwp%2Fv2%2Fmedia&parent=207489"}],"wp:term":[{"taxonomy":"category","embeddable":true,"href":"https:\/\/diarioregionaldigital.com.br\/index.php?rest_route=%2Fwp%2Fv2%2Fcategories&post=207489"},{"taxonomy":"post_tag","embeddable":true,"href":"https:\/\/diarioregionaldigital.com.br\/index.php?rest_route=%2Fwp%2Fv2%2Ftags&post=207489"}],"curies":[{"name":"wp","href":"https:\/\/api.w.org\/{rel}","templated":true}]}}