{"id":207486,"date":"2022-12-07T18:45:32","date_gmt":"2022-12-07T21:45:32","guid":{"rendered":"https:\/\/diarioregionaldigital.com.br\/?p=207486"},"modified":"2022-12-07T18:45:32","modified_gmt":"2022-12-07T21:45:32","slug":"fecomerciosp-preve-que-varejo-fechara-2022-com-melhor-faturamento","status":"publish","type":"post","link":"https:\/\/diarioregionaldigital.com.br\/?p=207486","title":{"rendered":"FecomercioSP prev\u00ea que varejo fechar\u00e1 2022 com melhor faturamento"},"content":{"rendered":"<p>Uma proje\u00e7\u00e3o feita pela Federa\u00e7\u00e3o do Com\u00e9rcio de Bens, Servi\u00e7os e Turismo do Estado de S\u00e3o Paulo (FecomercioSP) aponta que o com\u00e9rcio varejista do estado de S\u00e3o Paulo deve fechar o ano de 2022 com um crescimento de 9% em compara\u00e7\u00e3o ao ano passado, somando R$ 1,1 trilh\u00e3o em vendas reais no ano. Segundo a federa\u00e7\u00e3o, caso essa proje\u00e7\u00e3o se confirme, este ser\u00e1 o melhor faturamento do com\u00e9rcio varejista paulista em 14 anos.<img decoding=\"async\" src=\"https:\/\/agenciabrasil.ebc.com.br\/ebc.png?id=1497314&amp;o=node\" \/><img decoding=\"async\" src=\"https:\/\/agenciabrasil.ebc.com.br\/ebc.gif?id=1497314&amp;o=node\" \/><\/p>\n<p>Esse crescimento se deve, sobretudo, pelas lojas de vestu\u00e1rio, tecidos e cal\u00e7ados, que tiveram um aumento de vendas de 22% at\u00e9 setembro.<\/p>\n<p>Segundo a FecomercioSP, esse cen\u00e1rio demonstra a rea\u00e7\u00e3o dos setores que mais sentiram as restri\u00e7\u00f5es que foram impostas para o controle da pandemia do novo coronav\u00edrus. \u201cEntre janeiro e junho de 2022, com exce\u00e7\u00e3o das concession\u00e1rias de ve\u00edculos e das lojas de eletrodom\u00e9sticos e eletr\u00f4nicos, todas as atividades analisadas demonstraram recorde hist\u00f3rico nas vendas\u201d, informou a entidade, em nota.<\/p>\n<p>Entre janeiro e setembro deste ano, o faturamento do com\u00e9rcio varejista j\u00e1 havia batido recorde hist\u00f3rico, atingindo a marca de R$ 812 bilh\u00f5es.<\/p>\n<p><span style=\"font-weight: 400;\">Fonte: Ag\u00eancia Brasil <\/span><\/p>\n","protected":false},"excerpt":{"rendered":"<p>Uma proje\u00e7\u00e3o feita pela Federa\u00e7\u00e3o do Com\u00e9rcio de Bens, Servi\u00e7os e Turismo do Estado de S\u00e3o Paulo (FecomercioSP) aponta que o com\u00e9rcio varejista do estado de S\u00e3o Paulo deve fechar o ano de 2022 com um crescimento de 9% em compara\u00e7\u00e3o ao ano passado, somando R$ 1,1 trilh\u00e3o em vendas reais no ano. Segundo a [&hellip;]<\/p>\n","protected":false},"author":246,"featured_media":207487,"comment_status":"closed","ping_status":"closed","sticky":false,"template":"","format":"standard","meta":{"footnotes":""},"categories":[436,261,439],"tags":[],"class_list":["post-207486","post","type-post","status-publish","format-standard","has-post-thumbnail","hentry","category-destaque-da-semana","category-economia","category-ultima-hora"],"_links":{"self":[{"href":"https:\/\/diarioregionaldigital.com.br\/index.php?rest_route=\/wp\/v2\/posts\/207486","targetHints":{"allow":["GET"]}}],"collection":[{"href":"https:\/\/diarioregionaldigital.com.br\/index.php?rest_route=\/wp\/v2\/posts"}],"about":[{"href":"https:\/\/diarioregionaldigital.com.br\/index.php?rest_route=\/wp\/v2\/types\/post"}],"author":[{"embeddable":true,"href":"https:\/\/diarioregionaldigital.com.br\/index.php?rest_route=\/wp\/v2\/users\/246"}],"replies":[{"embeddable":true,"href":"https:\/\/diarioregionaldigital.com.br\/index.php?rest_route=%2Fwp%2Fv2%2Fcomments&post=207486"}],"version-history":[{"count":1,"href":"https:\/\/diarioregionaldigital.com.br\/index.php?rest_route=\/wp\/v2\/posts\/207486\/revisions"}],"predecessor-version":[{"id":207488,"href":"https:\/\/diarioregionaldigital.com.br\/index.php?rest_route=\/wp\/v2\/posts\/207486\/revisions\/207488"}],"wp:featuredmedia":[{"embeddable":true,"href":"https:\/\/diarioregionaldigital.com.br\/index.php?rest_route=\/wp\/v2\/media\/207487"}],"wp:attachment":[{"href":"https:\/\/diarioregionaldigital.com.br\/index.php?rest_route=%2Fwp%2Fv2%2Fmedia&parent=207486"}],"wp:term":[{"taxonomy":"category","embeddable":true,"href":"https:\/\/diarioregionaldigital.com.br\/index.php?rest_route=%2Fwp%2Fv2%2Fcategories&post=207486"},{"taxonomy":"post_tag","embeddable":true,"href":"https:\/\/diarioregionaldigital.com.br\/index.php?rest_route=%2Fwp%2Fv2%2Ftags&post=207486"}],"curies":[{"name":"wp","href":"https:\/\/api.w.org\/{rel}","templated":true}]}}