{"id":207466,"date":"2022-12-06T19:57:41","date_gmt":"2022-12-06T22:57:41","guid":{"rendered":"https:\/\/diarioregionaldigital.com.br\/?p=207466"},"modified":"2022-12-06T19:57:41","modified_gmt":"2022-12-06T22:57:41","slug":"primeiro-festival-internacional-de-cinema-e-cultura-da-diversidade-comeca-nesta-quinta-8","status":"publish","type":"post","link":"https:\/\/diarioregionaldigital.com.br\/?p=207466","title":{"rendered":"Primeiro Festival Internacional de Cinema e Cultura da Diversidade come\u00e7a nesta quinta, 8"},"content":{"rendered":"<p>Segundo informa\u00e7\u00f5es do site da Prefeitura de Juiz de Fora (PJF), mais de 30 atra\u00e7\u00f5es culturais ser\u00e3o oferecidas gratuitamente<strong>\u00a0<\/strong>na primeira edi\u00e7\u00e3o do Festival Internacional de Cinema e Cultura da Diversidade (Festicidi), que acontece entre os dias 8 e 11 deste m\u00eas. Com a proposta de promover, dar visibilidade e valorizar o esp\u00edrito cosmopolita da cidade e a diversidade cultural de seu povo, a atividade \u00e9 promovida pela Associa\u00e7\u00e3o Cultural CineFanon, contando com apoio da Prefeitura de Juiz de Fora (PJF)\/Funda\u00e7\u00e3o Cultural Alfredo Ferreira Lage (Funalfa).<\/p>\n<div id=\"box_texto_noticia\">\n<p>Durante quatro dias, o p\u00fablico poder\u00e1 conferir atra\u00e7\u00f5es locais, nacionais e internacionais nas \u00e1reas de cinema, m\u00fasica, artes pl\u00e1sticas, poesia, teatro, dan\u00e7a, artesanato e gastronomia. A programa\u00e7\u00e3o est\u00e1 dispon\u00edvel no\u00a0<a href=\"https:\/\/festicidi.com\/\"><strong>site do evento<\/strong><\/a>.<\/p>\n<p>O Festicidi ser\u00e1 realizado em diferentes pontos da cidade, como Pra\u00e7a da Esta\u00e7\u00e3o, Cine Alameda, Museu Ferrovi\u00e1rio de Juiz de Fora e Cine-Theatro Central, onde acontece a abertura oficial, a partir das 18h de quinta-feira, 8. Focado no encontro e na troca de experi\u00eancias, o festival prev\u00ea a montagem da Aldeia Mundo, na Pra\u00e7a da Esta\u00e7\u00e3o, onde acontece a maior parte das atividades culturais. O local tamb\u00e9m vai abrigar barracas com cervejas artesanais e comida de boteco.<\/p>\n<p>J\u00e1 o Museu Ferrovi\u00e1rio de Juiz de Fora sediar\u00e1 a Esta\u00e7\u00e3o Pernambuco (Estado homenageado na edi\u00e7\u00e3o de estreia do Festicidi), recebendo a exposi\u00e7\u00e3o \u201cEncantos do Brasil, Xilogravuras e Cultura Popular\u201d, do artista nordestino Pedro Ant\u00f4nio de Lima Santos. Na parte externa do equipamento cultural, vai acontecer a Feira da Diversidade, reunindo produtores independentes da cidade.<\/p>\n<p>A programa\u00e7\u00e3o do Festicidi inclui ainda tr\u00eas mostras audiovisuais, destacando as tem\u00e1ticas: Cultura Negra; Cultura LGBTQIAP+ e Cultura Ind\u00edgena, al\u00e9m de oficinas e semin\u00e1rio.<\/p>\n<\/div>\n<p>&nbsp;<\/p>\n<div id=\"box_compartilhar\" align=\"right\"><\/div>\n","protected":false},"excerpt":{"rendered":"<p>Segundo informa\u00e7\u00f5es do site da Prefeitura de Juiz de Fora (PJF), mais de 30 atra\u00e7\u00f5es culturais ser\u00e3o oferecidas gratuitamente\u00a0na primeira edi\u00e7\u00e3o do Festival Internacional de Cinema e Cultura da Diversidade (Festicidi), que acontece entre os dias 8 e 11 deste m\u00eas. Com a proposta de promover, dar visibilidade e valorizar o esp\u00edrito cosmopolita da cidade [&hellip;]<\/p>\n","protected":false},"author":246,"featured_media":207467,"comment_status":"closed","ping_status":"closed","sticky":false,"template":"","format":"standard","meta":{"footnotes":""},"categories":[253,436,439],"tags":[],"class_list":["post-207466","post","type-post","status-publish","format-standard","has-post-thumbnail","hentry","category-cidade","category-destaque-da-semana","category-ultima-hora"],"_links":{"self":[{"href":"https:\/\/diarioregionaldigital.com.br\/index.php?rest_route=\/wp\/v2\/posts\/207466","targetHints":{"allow":["GET"]}}],"collection":[{"href":"https:\/\/diarioregionaldigital.com.br\/index.php?rest_route=\/wp\/v2\/posts"}],"about":[{"href":"https:\/\/diarioregionaldigital.com.br\/index.php?rest_route=\/wp\/v2\/types\/post"}],"author":[{"embeddable":true,"href":"https:\/\/diarioregionaldigital.com.br\/index.php?rest_route=\/wp\/v2\/users\/246"}],"replies":[{"embeddable":true,"href":"https:\/\/diarioregionaldigital.com.br\/index.php?rest_route=%2Fwp%2Fv2%2Fcomments&post=207466"}],"version-history":[{"count":1,"href":"https:\/\/diarioregionaldigital.com.br\/index.php?rest_route=\/wp\/v2\/posts\/207466\/revisions"}],"predecessor-version":[{"id":207468,"href":"https:\/\/diarioregionaldigital.com.br\/index.php?rest_route=\/wp\/v2\/posts\/207466\/revisions\/207468"}],"wp:featuredmedia":[{"embeddable":true,"href":"https:\/\/diarioregionaldigital.com.br\/index.php?rest_route=\/wp\/v2\/media\/207467"}],"wp:attachment":[{"href":"https:\/\/diarioregionaldigital.com.br\/index.php?rest_route=%2Fwp%2Fv2%2Fmedia&parent=207466"}],"wp:term":[{"taxonomy":"category","embeddable":true,"href":"https:\/\/diarioregionaldigital.com.br\/index.php?rest_route=%2Fwp%2Fv2%2Fcategories&post=207466"},{"taxonomy":"post_tag","embeddable":true,"href":"https:\/\/diarioregionaldigital.com.br\/index.php?rest_route=%2Fwp%2Fv2%2Ftags&post=207466"}],"curies":[{"name":"wp","href":"https:\/\/api.w.org\/{rel}","templated":true}]}}