{"id":207460,"date":"2022-12-06T20:01:43","date_gmt":"2022-12-06T23:01:43","guid":{"rendered":"https:\/\/diarioregionaldigital.com.br\/?p=207460"},"modified":"2022-12-06T20:01:43","modified_gmt":"2022-12-06T23:01:43","slug":"suspensao-de-energia-pode-afetar-abastecimento-nos-bairros-vila-dos-sonhos-santa-cruz-e-regiao-nesta-quarta-7-2","status":"publish","type":"post","link":"https:\/\/diarioregionaldigital.com.br\/?p=207460","title":{"rendered":"Suspens\u00e3o de energia pode afetar abastecimento nos bairros Vila dos Sonhos, Santa Cruz e regi\u00e3o nesta quarta, 7"},"content":{"rendered":"<p>Segundo informa\u00e7\u00f5es do site da Prefeitura de Juiz de Fora (PJF), como parte dos servi\u00e7os de manuten\u00e7\u00e3o da Companhia Energ\u00e9tica de Minas Gerais (Cemig), est\u00e1 programada a suspens\u00e3o no fornecimento de energia el\u00e9trica da Rua Jo\u00e3o Ded\u00e9 Freire, no bairro Vila dos Sonhos, nesta quarta-feira, 7, de 10h \u00e0s 17h. Em virtude disso, durante esse per\u00edodo, ser\u00e1 preciso interromper o funcionamento do sistema de fornecimento de \u00e1gua da Companhia de Saneamento Municipal (Cesama) que atende o bairro, o que pode afetar o abastecimento local ao longo do dia.<\/p>\n<p>No mesmo dia, de 9h \u00e0s 14h, a Cemig tamb\u00e9m far\u00e1 a manuten\u00e7\u00e3o da rede el\u00e9trica da Rua Joana D\u2019Arc, no Bairro Santa Cruz. Por conta das interven\u00e7\u00f5es, \u00e9 poss\u00edvel que, durante os trabalhos da companhia, seja comprometido o abastecimento nas comunidades de Santa Cruz, Nova Era, Oswaldo Cruz, Santo Agostinho e Vila Para\u00edso.<\/p>\n<p>Desta forma, a Cesama pede a compreens\u00e3o dos moradores para que economizem \u00e1gua at\u00e9 que os servi\u00e7os da Cemig estejam conclu\u00eddos. A previs\u00e3o \u00e9 de que o fornecimento de \u00e1gua nessas comunidades seja regularizado durante a noite desta quarta.<\/p>\n<p>&nbsp;<\/p>\n","protected":false},"excerpt":{"rendered":"<p>Segundo informa\u00e7\u00f5es do site da Prefeitura de Juiz de Fora (PJF), como parte dos servi\u00e7os de manuten\u00e7\u00e3o da Companhia Energ\u00e9tica de Minas Gerais (Cemig), est\u00e1 programada a suspens\u00e3o no fornecimento de energia el\u00e9trica da Rua Jo\u00e3o Ded\u00e9 Freire, no bairro Vila dos Sonhos, nesta quarta-feira, 7, de 10h \u00e0s 17h. Em virtude disso, durante esse [&hellip;]<\/p>\n","protected":false},"author":246,"featured_media":207472,"comment_status":"closed","ping_status":"closed","sticky":false,"template":"","format":"standard","meta":{"footnotes":""},"categories":[253,436,439],"tags":[],"class_list":["post-207460","post","type-post","status-publish","format-standard","has-post-thumbnail","hentry","category-cidade","category-destaque-da-semana","category-ultima-hora"],"_links":{"self":[{"href":"https:\/\/diarioregionaldigital.com.br\/index.php?rest_route=\/wp\/v2\/posts\/207460","targetHints":{"allow":["GET"]}}],"collection":[{"href":"https:\/\/diarioregionaldigital.com.br\/index.php?rest_route=\/wp\/v2\/posts"}],"about":[{"href":"https:\/\/diarioregionaldigital.com.br\/index.php?rest_route=\/wp\/v2\/types\/post"}],"author":[{"embeddable":true,"href":"https:\/\/diarioregionaldigital.com.br\/index.php?rest_route=\/wp\/v2\/users\/246"}],"replies":[{"embeddable":true,"href":"https:\/\/diarioregionaldigital.com.br\/index.php?rest_route=%2Fwp%2Fv2%2Fcomments&post=207460"}],"version-history":[{"count":1,"href":"https:\/\/diarioregionaldigital.com.br\/index.php?rest_route=\/wp\/v2\/posts\/207460\/revisions"}],"predecessor-version":[{"id":207473,"href":"https:\/\/diarioregionaldigital.com.br\/index.php?rest_route=\/wp\/v2\/posts\/207460\/revisions\/207473"}],"wp:featuredmedia":[{"embeddable":true,"href":"https:\/\/diarioregionaldigital.com.br\/index.php?rest_route=\/wp\/v2\/media\/207472"}],"wp:attachment":[{"href":"https:\/\/diarioregionaldigital.com.br\/index.php?rest_route=%2Fwp%2Fv2%2Fmedia&parent=207460"}],"wp:term":[{"taxonomy":"category","embeddable":true,"href":"https:\/\/diarioregionaldigital.com.br\/index.php?rest_route=%2Fwp%2Fv2%2Fcategories&post=207460"},{"taxonomy":"post_tag","embeddable":true,"href":"https:\/\/diarioregionaldigital.com.br\/index.php?rest_route=%2Fwp%2Fv2%2Ftags&post=207460"}],"curies":[{"name":"wp","href":"https:\/\/api.w.org\/{rel}","templated":true}]}}