{"id":207459,"date":"2022-12-06T19:54:10","date_gmt":"2022-12-06T22:54:10","guid":{"rendered":"https:\/\/diarioregionaldigital.com.br\/?p=207459"},"modified":"2022-12-06T19:54:10","modified_gmt":"2022-12-06T22:54:10","slug":"alunos-e-professores-da-e-m-professora-marlene-barros-assistem-a-peca-teatral-s-o-s-brasil","status":"publish","type":"post","link":"https:\/\/diarioregionaldigital.com.br\/?p=207459","title":{"rendered":"Alunos e professores da E. M. Professora Marlene Barros assistem a pe\u00e7a teatral \u201cS.O.S Brasil\u201d"},"content":{"rendered":"<div id=\"box_texto_noticia\">\n<p>Segundo informa\u00e7\u00f5es do site da Prefeitura de Juiz de Fora (PJF), os Alunos (8\u00ba e 9\u00ba anos) e professores da Escola Municipal Marlene Barros assistiram na \u00faltima quinta-feira, 1\u00ba, a pe\u00e7a teatral \u201cS.O.S Brasil\u201d, do Grupo Divulga\u00e7\u00e3o, que apresenta em seu tema a atual situa\u00e7\u00e3o pol\u00edtica do Brasil. O objetivo da participa\u00e7\u00e3o dos alunos foi relacionar o conte\u00fado estudado junto com projetos culturais fora dos muros da escola.<\/p>\n<p>O projeto come\u00e7ou a ser trabalhado em conte\u00fados diversos de diferentes disciplinas antes do processo eleitoral ocorrido no pa\u00eds e foi conclu\u00eddo com a pe\u00e7a. Segundo a diretora Juliana Santos, \u201cos alunos relataram que foi a primeira vez em um ambiente de teatro, eles gostaram e interagiram bastante\u201d.<\/p>\n<p><strong>Grupo Divulga\u00e7\u00e3o<\/strong><\/p>\n<p>O Centro de Estudos Teatrais \u2013 Grupo Divulga\u00e7\u00e3o \u00e9 um n\u00facleo de ensino, pesquisa e extens\u00e3o em artes c\u00eanicas, que se iniciou como um grupo de teatro universit\u00e1rio, nascido em 1966, na antiga Faculdade de Filosofia e Letras. Atuando desde ent\u00e3o junto \u00e0 Universidade Federal de Juiz de Fora (UFJF), o Grupo Divulga\u00e7\u00e3o organiza-se em tr\u00eas n\u00facleos b\u00e1sicos de produ\u00e7\u00e3o de espet\u00e1culos: o de universit\u00e1rios, o de secundaristas e o da terceira idade.<\/p>\n<\/div>\n<p>&nbsp;<\/p>\n<div id=\"box_compartilhar\" align=\"right\"><\/div>\n","protected":false},"excerpt":{"rendered":"<p>Segundo informa\u00e7\u00f5es do site da Prefeitura de Juiz de Fora (PJF), os Alunos (8\u00ba e 9\u00ba anos) e professores da Escola Municipal Marlene Barros assistiram na \u00faltima quinta-feira, 1\u00ba, a pe\u00e7a teatral \u201cS.O.S Brasil\u201d, do Grupo Divulga\u00e7\u00e3o, que apresenta em seu tema a atual situa\u00e7\u00e3o pol\u00edtica do Brasil. O objetivo da participa\u00e7\u00e3o dos alunos foi [&hellip;]<\/p>\n","protected":false},"author":246,"featured_media":207461,"comment_status":"closed","ping_status":"closed","sticky":false,"template":"","format":"standard","meta":{"footnotes":""},"categories":[253,436,440,439],"tags":[],"class_list":["post-207459","post","type-post","status-publish","format-standard","has-post-thumbnail","hentry","category-cidade","category-destaque-da-semana","category-destaques-do-dia","category-ultima-hora"],"_links":{"self":[{"href":"https:\/\/diarioregionaldigital.com.br\/index.php?rest_route=\/wp\/v2\/posts\/207459","targetHints":{"allow":["GET"]}}],"collection":[{"href":"https:\/\/diarioregionaldigital.com.br\/index.php?rest_route=\/wp\/v2\/posts"}],"about":[{"href":"https:\/\/diarioregionaldigital.com.br\/index.php?rest_route=\/wp\/v2\/types\/post"}],"author":[{"embeddable":true,"href":"https:\/\/diarioregionaldigital.com.br\/index.php?rest_route=\/wp\/v2\/users\/246"}],"replies":[{"embeddable":true,"href":"https:\/\/diarioregionaldigital.com.br\/index.php?rest_route=%2Fwp%2Fv2%2Fcomments&post=207459"}],"version-history":[{"count":1,"href":"https:\/\/diarioregionaldigital.com.br\/index.php?rest_route=\/wp\/v2\/posts\/207459\/revisions"}],"predecessor-version":[{"id":207462,"href":"https:\/\/diarioregionaldigital.com.br\/index.php?rest_route=\/wp\/v2\/posts\/207459\/revisions\/207462"}],"wp:featuredmedia":[{"embeddable":true,"href":"https:\/\/diarioregionaldigital.com.br\/index.php?rest_route=\/wp\/v2\/media\/207461"}],"wp:attachment":[{"href":"https:\/\/diarioregionaldigital.com.br\/index.php?rest_route=%2Fwp%2Fv2%2Fmedia&parent=207459"}],"wp:term":[{"taxonomy":"category","embeddable":true,"href":"https:\/\/diarioregionaldigital.com.br\/index.php?rest_route=%2Fwp%2Fv2%2Fcategories&post=207459"},{"taxonomy":"post_tag","embeddable":true,"href":"https:\/\/diarioregionaldigital.com.br\/index.php?rest_route=%2Fwp%2Fv2%2Ftags&post=207459"}],"curies":[{"name":"wp","href":"https:\/\/api.w.org\/{rel}","templated":true}]}}