{"id":207429,"date":"2022-12-06T19:14:16","date_gmt":"2022-12-06T22:14:16","guid":{"rendered":"https:\/\/diarioregionaldigital.com.br\/?p=207429"},"modified":"2022-12-06T19:14:16","modified_gmt":"2022-12-06T22:14:16","slug":"governo-eleito-fara-nova-reforma-administrativa-informa-transicao","status":"publish","type":"post","link":"https:\/\/diarioregionaldigital.com.br\/?p=207429","title":{"rendered":"Governo eleito far\u00e1 nova reforma administrativa, informa transi\u00e7\u00e3o"},"content":{"rendered":"<p>O governo eleito pretende descartar a atual proposta de reforma administrativa e troc\u00e1-la por outra, informou hoje (6) o Gabinete de Transi\u00e7\u00e3o. Segundo o grupo de trabalho de Planejamento, Or\u00e7amento e Gest\u00e3o, os reajustes aos servidores p\u00fablicos ser\u00e3o graduais, porque o Or\u00e7amento de 2023 n\u00e3o tem espa\u00e7o para uma recomposi\u00e7\u00e3o total das perdas salariais acumuladas em sete anos.<img decoding=\"async\" src=\"https:\/\/agenciabrasil.ebc.com.br\/ebc.png?id=1497067&amp;o=node\" \/><img decoding=\"async\" src=\"https:\/\/agenciabrasil.ebc.com.br\/ebc.gif?id=1497067&amp;o=node\" \/><\/p>\n<p>Em rela\u00e7\u00e3o \u00e0 reforma administrativa, a economista e ex-secret\u00e1ria de Or\u00e7amento Federal Esther Dweck, integrante do grupo de trabalho, informou que o Congresso precisar\u00e1 aprovar a retirada da tramita\u00e7\u00e3o do texto atual. Isso porque a Proposta de Emenda \u00e0 Constitui\u00e7\u00e3o 32 (PEC 32) chegou a ser aprovada em algumas comiss\u00f5es da C\u00e2mara dos Deputados.<\/p>\n<p>Segundo Esther, a proposta atual ser\u00e1 substitu\u00edda por um texto \u201ccom nova vis\u00e3o\u201d. \u201cOs dois GTs [grupos t\u00e9cnicos], de Planejamento e de Trabalho, entendem que essa [retirada da proposta atual] \u00e9 uma demanda justa, dado que a PEC 32 come\u00e7ou com uma vis\u00e3o de Estado completamente diferente do que a gente entende que seria o Estado brasileiro necess\u00e1rio para cumprir tudo aquilo que o presidente [eleito] Lula gostaria de fazer\u201d, disse.<\/p>\n<p>\u201cNo nosso entendimento, dos GTs, essa \u00e9 uma pauta justa. Entendendo que j\u00e1 passou por uma comiss\u00e3o, ent\u00e3o, mesmo que o presidente [eleito Luiz In\u00e1cio Lula da Silva] concorde com a gente, ele n\u00e3o tem poder de retirar a proposta atual\u201d, acrescentou.<\/p>\n<p>Esther disse que o grupo de trabalho recebeu representantes do F\u00f3rum Nacional Permanente de Carreiras Tipicas do Estado (Fonacate) h\u00e1 alguns dias. Segundo ela, os servidores pediram que o governo eleito retirasse a reforma administrativa em tramita\u00e7\u00e3o e rediscutisse o tema.<\/p>\n<h2>Reajustes<\/h2>\n<p>Em rela\u00e7\u00e3o \u00e0 recomposi\u00e7\u00e3o salarial do funcionalismo p\u00fablico, o ex-senador e ex-ministro Aloizio Mercadante, coordenador do Gabinete de Transi\u00e7\u00e3o, informou ser imposs\u00edvel repor todas as perdas salariais em 2023. \u201cNo caso do Executivo, vamos ter que pensar nessa reposi\u00e7\u00e3o de perdas como processo gradual. N\u00e3o h\u00e1 como fazer um movimento de repara\u00e7\u00e3o desses sete anos nos primeiros dias do pr\u00f3ximo governo. N\u00e3o haver\u00e1 condi\u00e7\u00f5es para isso. Temos de ser transparentes&#8221;, afirmou.<\/p>\n<p>O reajuste aos servidores, informou Mercadante, s\u00f3 ser\u00e1 debatido ap\u00f3s a aprova\u00e7\u00e3o do Or\u00e7amento de 2023. Segundo ele, isso \u00e9 necess\u00e1rio porque o governo eleito n\u00e3o sabe o espa\u00e7o fiscal que ter\u00e1 para conceder aumentos ao funcionalismo. \u201cVamos aguardar a aprova\u00e7\u00e3o do Or\u00e7amento e ver qual ser\u00e1 a margem que vamos ter em rela\u00e7\u00e3o ao reajuste de servidores\u201d, justificou.<\/p>\n<p><span style=\"font-weight: 400;\">Fonte: Ag\u00eancia Brasil <\/span><\/p>\n","protected":false},"excerpt":{"rendered":"<p>O governo eleito pretende descartar a atual proposta de reforma administrativa e troc\u00e1-la por outra, informou hoje (6) o Gabinete de Transi\u00e7\u00e3o. Segundo o grupo de trabalho de Planejamento, Or\u00e7amento e Gest\u00e3o, os reajustes aos servidores p\u00fablicos ser\u00e3o graduais, porque o Or\u00e7amento de 2023 n\u00e3o tem espa\u00e7o para uma recomposi\u00e7\u00e3o total das perdas salariais acumuladas [&hellip;]<\/p>\n","protected":false},"author":246,"featured_media":207430,"comment_status":"closed","ping_status":"closed","sticky":false,"template":"","format":"standard","meta":{"footnotes":""},"categories":[436,261,439],"tags":[],"class_list":["post-207429","post","type-post","status-publish","format-standard","has-post-thumbnail","hentry","category-destaque-da-semana","category-economia","category-ultima-hora"],"_links":{"self":[{"href":"https:\/\/diarioregionaldigital.com.br\/index.php?rest_route=\/wp\/v2\/posts\/207429","targetHints":{"allow":["GET"]}}],"collection":[{"href":"https:\/\/diarioregionaldigital.com.br\/index.php?rest_route=\/wp\/v2\/posts"}],"about":[{"href":"https:\/\/diarioregionaldigital.com.br\/index.php?rest_route=\/wp\/v2\/types\/post"}],"author":[{"embeddable":true,"href":"https:\/\/diarioregionaldigital.com.br\/index.php?rest_route=\/wp\/v2\/users\/246"}],"replies":[{"embeddable":true,"href":"https:\/\/diarioregionaldigital.com.br\/index.php?rest_route=%2Fwp%2Fv2%2Fcomments&post=207429"}],"version-history":[{"count":1,"href":"https:\/\/diarioregionaldigital.com.br\/index.php?rest_route=\/wp\/v2\/posts\/207429\/revisions"}],"predecessor-version":[{"id":207431,"href":"https:\/\/diarioregionaldigital.com.br\/index.php?rest_route=\/wp\/v2\/posts\/207429\/revisions\/207431"}],"wp:featuredmedia":[{"embeddable":true,"href":"https:\/\/diarioregionaldigital.com.br\/index.php?rest_route=\/wp\/v2\/media\/207430"}],"wp:attachment":[{"href":"https:\/\/diarioregionaldigital.com.br\/index.php?rest_route=%2Fwp%2Fv2%2Fmedia&parent=207429"}],"wp:term":[{"taxonomy":"category","embeddable":true,"href":"https:\/\/diarioregionaldigital.com.br\/index.php?rest_route=%2Fwp%2Fv2%2Fcategories&post=207429"},{"taxonomy":"post_tag","embeddable":true,"href":"https:\/\/diarioregionaldigital.com.br\/index.php?rest_route=%2Fwp%2Fv2%2Ftags&post=207429"}],"curies":[{"name":"wp","href":"https:\/\/api.w.org\/{rel}","templated":true}]}}