{"id":207426,"date":"2022-12-06T19:13:02","date_gmt":"2022-12-06T22:13:02","guid":{"rendered":"https:\/\/diarioregionaldigital.com.br\/?p=207426"},"modified":"2022-12-06T19:13:02","modified_gmt":"2022-12-06T22:13:02","slug":"brasil-tem-divida-de-r-5-bi-com-orgaos-internacionais-diz-transicao","status":"publish","type":"post","link":"https:\/\/diarioregionaldigital.com.br\/?p=207426","title":{"rendered":"Brasil tem d\u00edvida de R$ 5 bi com \u00f3rg\u00e3os internacionais, diz transi\u00e7\u00e3o"},"content":{"rendered":"<p>O governo brasileiro deve R$ 5 bilh\u00f5es a organismos internacionais, como a Organiza\u00e7\u00e3o das Na\u00e7\u00f5es Unidas (ONU), Organiza\u00e7\u00e3o Mundial do Com\u00e9rcio (OMC) e Organiza\u00e7\u00e3o Internacional do Trabalho (OIT). A informa\u00e7\u00e3o foi dada hoje\u00a0(6) pelo ex-senador Aloizio Mercadante (PT), coordenador do Gabinete de Transi\u00e7\u00e3o.<img decoding=\"async\" src=\"https:\/\/agenciabrasil.ebc.com.br\/ebc.png?id=1497061&amp;o=node\" \/><img decoding=\"async\" src=\"https:\/\/agenciabrasil.ebc.com.br\/ebc.gif?id=1497061&amp;o=node\" \/><\/p>\n<p>Segundo Mercadante, n\u00e3o h\u00e1 espa\u00e7o no Or\u00e7amento de 2023 para pagar todas as d\u00edvidas. O futuro governo definir\u00e1 prioridades, organizar\u00e1 um fluxo de parcelas e diminuir\u00e1 aos poucos o estoque dos d\u00e9bitos.\u00a0Ter\u00e3o prefer\u00eancia o pagamento a organismos dos quais o Brasil pode perder direito a voto e ser exclu\u00eddo por inadimpl\u00eancia. \u201cO Brasil ser\u00e1 exclu\u00eddo de v\u00e1rios f\u00f3runs. \u00c9 uma d\u00edvida pesada, que tamb\u00e9m n\u00e3o tem previs\u00e3o or\u00e7ament\u00e1ria pro ano que vem\u201d, disse.<\/p>\n<p>Integrante do grupo de trabalho de Planejamento e Or\u00e7amento da equipe de transi\u00e7\u00e3o, a economista e ex-secret\u00e1ria de Or\u00e7amento Federal Esther Dweck disse que uma das situa\u00e7\u00f5es mais urgentes diz respeito \u00e0 OMC, onde o Brasil est\u00e1 para perder o direito a voto caso n\u00e3o quite as d\u00edvidas.<\/p>\n<p>\u201cVamos ver aqueles que est\u00e3o na imin\u00eancia de [o Brasil] perder [o direito a voto] e, depois, como pagar esse passivo que n\u00e3o vai ser poss\u00edvel no primeiro ano. Olhar onde \u00e9 mais urgente, coisas que s\u00e3o pequenas, mas simb\u00f3licas, meio ambiente, e agricultura. Resolver o que est\u00e1 mais urgente\u201d, afirmou Esther Dweck. Ela ressaltou que o passivo tem se acumulado ao longo dos \u00faltimos anos, mas nem tudo no atual governo.<\/p>\n<p>Tamb\u00e9m integrante do grupo de Planejamento e Or\u00e7amento, o economista Antonio Corr\u00eaa de Lacerda afirmou que as d\u00edvidas e o risco de exclus\u00e3o do Brasil representam um obst\u00e1culo aos planos do governo eleito de recuperar o reconhecimento do Brasil no cen\u00e1rio internacional.<\/p>\n<p>\u201cIsso vai na contram\u00e3o de um projeto de inser\u00e7\u00e3o internacional, porque o b\u00e1sico que voc\u00ea tem que fazer \u00e9 cumprir esses compromissos junto a esses \u00f3rg\u00e3os internacionais. A participa\u00e7\u00e3o do Brasil nesses \u00f3rg\u00e3os internacionais \u00e9 muito importante para essa nova vis\u00e3o de Estado, vis\u00e3o do planejamento e do pr\u00f3prio desenvolvimento nacional\u201d, declarou.<\/p>\n<p>No caso da ONU, se um pa\u00eds dever dois ou mais anos de contribui\u00e7\u00f5es regulares, pode perder o direito ao voto. Para evitar essa situa\u00e7\u00e3o, o Brasil tem pagado algumas parcelas, como no fim de 2020, quando o\u00a0<a href=\"https:\/\/agenciabrasil.ebc.com.br\/economia\/noticia\/2020-12\/bolsonaro-sanciona-remanejamento-de-r-33-bi-orgaos-internacionais\" target=\"_blank\" rel=\"noopener\">governo fez um cr\u00e9dito suplementar (remanejamento) de R$ 3,3 bilh\u00f5es para pagar obriga\u00e7\u00f5es<\/a>\u00a0com a ONU e a Organiza\u00e7\u00e3o dos Estados Americanos (OEA).<\/p>\n<p>Governo digital<\/p>\n<p>Segundo o grupo de Planejamento e Or\u00e7amento da equipe de transi\u00e7\u00e3o, o pa\u00eds tamb\u00e9m enfrenta problemas para manter em funcionamento o governo digital, servi\u00e7os p\u00fablicos prestados pela internet. Esther Dweck estimou em R$ 60 milh\u00f5es a insufici\u00eancia de recursos no Or\u00e7amento de 2023 para tecnologia da informa\u00e7\u00e3o, essencial para o setor.<\/p>\n<p>\u201cEm algumas \u00e1reas, uma delas o governo digital, o or\u00e7amento n\u00e3o acompanhou. O [Portal] Gov.br tem uma s\u00e9rie de servi\u00e7os prestados \u00e0 popula\u00e7\u00e3o, mas o or\u00e7amento n\u00e3o acompanhou a demanda crescente\u201d, declarou.<\/p>\n<p>Segundo Mercadante, o governo digital \u00e9 uma forma de aumentar efici\u00eancia, melhorar a qualidade do servi\u00e7o para sociedade. Ele informou que est\u00e1 em estudo a possibilidade de ceder algumas fun\u00e7\u00f5es do antigo Minist\u00e9rio do Planejamento, como o governo digital, para o Minist\u00e9rio do Desenvolvimento, pasta que ser\u00e1 recriada no novo governo, para estimular a inova\u00e7\u00e3o no servi\u00e7o p\u00fablico.<\/p>\n<p><span style=\"font-weight: 400;\">Fonte: Ag\u00eancia Brasil <\/span><\/p>\n","protected":false},"excerpt":{"rendered":"<p>O governo brasileiro deve R$ 5 bilh\u00f5es a organismos internacionais, como a Organiza\u00e7\u00e3o das Na\u00e7\u00f5es Unidas (ONU), Organiza\u00e7\u00e3o Mundial do Com\u00e9rcio (OMC) e Organiza\u00e7\u00e3o Internacional do Trabalho (OIT). A informa\u00e7\u00e3o foi dada hoje\u00a0(6) pelo ex-senador Aloizio Mercadante (PT), coordenador do Gabinete de Transi\u00e7\u00e3o. Segundo Mercadante, n\u00e3o h\u00e1 espa\u00e7o no Or\u00e7amento de 2023 para pagar todas [&hellip;]<\/p>\n","protected":false},"author":246,"featured_media":207427,"comment_status":"closed","ping_status":"closed","sticky":false,"template":"","format":"standard","meta":{"footnotes":""},"categories":[436,261,439],"tags":[],"class_list":["post-207426","post","type-post","status-publish","format-standard","has-post-thumbnail","hentry","category-destaque-da-semana","category-economia","category-ultima-hora"],"_links":{"self":[{"href":"https:\/\/diarioregionaldigital.com.br\/index.php?rest_route=\/wp\/v2\/posts\/207426","targetHints":{"allow":["GET"]}}],"collection":[{"href":"https:\/\/diarioregionaldigital.com.br\/index.php?rest_route=\/wp\/v2\/posts"}],"about":[{"href":"https:\/\/diarioregionaldigital.com.br\/index.php?rest_route=\/wp\/v2\/types\/post"}],"author":[{"embeddable":true,"href":"https:\/\/diarioregionaldigital.com.br\/index.php?rest_route=\/wp\/v2\/users\/246"}],"replies":[{"embeddable":true,"href":"https:\/\/diarioregionaldigital.com.br\/index.php?rest_route=%2Fwp%2Fv2%2Fcomments&post=207426"}],"version-history":[{"count":1,"href":"https:\/\/diarioregionaldigital.com.br\/index.php?rest_route=\/wp\/v2\/posts\/207426\/revisions"}],"predecessor-version":[{"id":207428,"href":"https:\/\/diarioregionaldigital.com.br\/index.php?rest_route=\/wp\/v2\/posts\/207426\/revisions\/207428"}],"wp:featuredmedia":[{"embeddable":true,"href":"https:\/\/diarioregionaldigital.com.br\/index.php?rest_route=\/wp\/v2\/media\/207427"}],"wp:attachment":[{"href":"https:\/\/diarioregionaldigital.com.br\/index.php?rest_route=%2Fwp%2Fv2%2Fmedia&parent=207426"}],"wp:term":[{"taxonomy":"category","embeddable":true,"href":"https:\/\/diarioregionaldigital.com.br\/index.php?rest_route=%2Fwp%2Fv2%2Fcategories&post=207426"},{"taxonomy":"post_tag","embeddable":true,"href":"https:\/\/diarioregionaldigital.com.br\/index.php?rest_route=%2Fwp%2Fv2%2Ftags&post=207426"}],"curies":[{"name":"wp","href":"https:\/\/api.w.org\/{rel}","templated":true}]}}